{"id":800,"date":"2025-09-06T22:01:27","date_gmt":"2025-09-06T20:01:27","guid":{"rendered":"https:\/\/vsvk.sk\/?p=800"},"modified":"2025-09-06T22:18:04","modified_gmt":"2025-09-06T20:18:04","slug":"vsvk-na-inofest-2025-budovanie-vesmirneho-priemyslu-na-slovensku-a-v-regione-v4","status":"publish","type":"post","link":"https:\/\/vsvk.sk\/en\/2025\/09\/06\/vsvk-na-inofest-2025-budovanie-vesmirneho-priemyslu-na-slovensku-a-v-regione-v4\/","title":{"rendered":"VSVK at INOFEST 2025: Building the Space Industry in Slovakia and the V4 Region"},"content":{"rendered":"<div class=\"translation-block\">\n\n<p>The Eastern Slovak Space Cluster (VSVK) will participate in the prestigious innovation festival <strong>INOFEST 2025<\/strong>, which will take place on <strong>September 23\u201324, 2025<\/strong> at the Faculty of Materials Science and Technology of STU in Trnava. This year, the festival is held under the theme: <strong>\u201cEurope is returning to industry \u2013 through innovation!\u201d<\/strong><\/p>\n\n<p>With a special focus on the space sector, on September 24, 2025, we will take part in a panel discussion titled <strong>\u201cFrom Vision to Reality: Building the Space Industry in Slovakia and the V4 Region\u201d<\/strong>. Together with experts, innovators, and industry leaders, we will discuss the opportunities the space industry brings to Slovakia and the V4 countries, as well as how we can strengthen our position in the global space economy.<\/p>\n\n<p><strong>Why is INOFEST 2025 important?<\/strong> INOFEST is a platform where representatives from industry, academia, startups, and the public sector come together to seek answers to key questions about the future. In addition to the space industry, the event focuses on topics such as artificial intelligence, digitalization, sustainability, and new manufacturing concepts (Lean, Agile, Industry 4.0). Expect inspiring lectures, workshops, an exhibition of innovative technologies, and networking with top experts.<\/p>\n\n<p><strong>Join us to explore the future of Slovak industry!<\/strong> \ud83d\udcc5 <strong>September 23\u201324, 2025<\/strong> \ud83d\udccd <strong>Faculty of Materials Science and Technology STU, Trnava<\/strong> \ud83d\udd17 <strong>Registration:<\/strong> <a href=\"https:\/\/www.inofest.sk\/\" target=\"_blank\" rel=\"noreferrer noopener\">www.inofest.sk<\/a><\/p>\n\n<p>Follow our social media for more updates on the preparations and progress of the event. We look forward to meeting you at INOFEST 2025!<\/p>\n\n<p>#INOFEST2025 #VSVK #SpaceIndustry #Innovation<\/p>\n\n\n<\/div>","protected":false},"excerpt":{"rendered":"<p>V\u00fdchodoslovensk\u00fd vesm\u00edrny klaster (VSVK) sa z\u00fa\u010dastn\u00ed prest\u00ed\u017eneho festivalu inov\u00e1ci\u00ed INOFEST 2025, ktor\u00fd sa uskuto\u010dn\u00ed 23.\u201324. septembra 2025 na Materi\u00e1lovotechnologickej fakulte STU v Trnave. Tento rok sa festival nesie v duchu motta: \u201eEur\u00f3pa sa vracia k priemyslu \u2013 inov\u00e1ciami!\u201c S osobitn\u00fdm zameran\u00edm na vesm\u00edrny sektor sa 24. septembra 2025 z\u00fa\u010dastn\u00edme panelovej diskusie \u201eOd v\u00edzie k realite: [&hellip;]<\/p>","protected":false},"author":4,"featured_media":801,"comment_status":"closed","ping_status":"open","sticky":false,"template":"","format":"standard","meta":{"footnotes":""},"categories":[14],"tags":[],"class_list":["post-800","post","type-post","status-publish","format-standard","has-post-thumbnail","hentry","category-space-cluster"],"yoast_head":"<!-- This site is optimized with the Yoast SEO plugin v25.3.1 - https:\/\/yoast.com\/wordpress\/plugins\/seo\/ -->\n<title>VSVK na INOFEST 2025: Budovanie vesm\u00edrneho priemyslu na Slovensku a v regi\u00f3ne V4 - VSVK<\/title>\n<meta name=\"robots\" content=\"index, follow, max-snippet:-1, max-image-preview:large, max-video-preview:-1\" \/>\n<link rel=\"canonical\" href=\"https:\/\/vsvk.sk\/en\/2025\/09\/06\/vsvk-na-inofest-2025-budovanie-vesmirneho-priemyslu-na-slovensku-a-v-regione-v4\/\" \/>\n<meta property=\"og:locale\" content=\"en_GB\" \/>\n<meta property=\"og:type\" content=\"article\" \/>\n<meta property=\"og:title\" content=\"VSVK na INOFEST 2025: Budovanie vesm\u00edrneho priemyslu na Slovensku a v regi\u00f3ne V4 - VSVK\" \/>\n<meta property=\"og:description\" content=\"V\u00fdchodoslovensk\u00fd vesm\u00edrny klaster (VSVK) sa z\u00fa\u010dastn\u00ed prest\u00ed\u017eneho festivalu inov\u00e1ci\u00ed INOFEST 2025, ktor\u00fd sa uskuto\u010dn\u00ed 23.\u201324. septembra 2025 na Materi\u00e1lovotechnologickej fakulte STU v Trnave. Tento rok sa festival nesie v duchu motta: \u201eEur\u00f3pa sa vracia k priemyslu \u2013 inov\u00e1ciami!\u201c S osobitn\u00fdm zameran\u00edm na vesm\u00edrny sektor sa 24. septembra 2025 z\u00fa\u010dastn\u00edme panelovej diskusie \u201eOd v\u00edzie k realite: [&hellip;]\" \/>\n<meta property=\"og:url\" content=\"https:\/\/vsvk.sk\/en\/2025\/09\/06\/vsvk-na-inofest-2025-budovanie-vesmirneho-priemyslu-na-slovensku-a-v-regione-v4\/\" \/>\n<meta property=\"og:site_name\" content=\"VSVK\" \/>\n<meta property=\"article:publisher\" content=\"https:\/\/www.facebook.com\/profile.php?id=61576864435840\" \/>\n<meta property=\"article:published_time\" content=\"2025-09-06T20:01:27+00:00\" \/>\n<meta property=\"article:modified_time\" content=\"2025-09-06T20:18:04+00:00\" \/>\n<meta property=\"og:image\" content=\"https:\/\/vsvk.sk\/wp-content\/uploads\/2025\/09\/INOFEST-1200x1200-1.jpg\" \/>\n\t<meta property=\"og:image:width\" content=\"1200\" \/>\n\t<meta property=\"og:image:height\" content=\"1200\" \/>\n\t<meta property=\"og:image:type\" content=\"image\/jpeg\" \/>\n<meta name=\"author\" content=\"\u0160tefan Hadbavn\u00fd\" \/>\n<meta name=\"twitter:card\" content=\"summary_large_image\" \/>\n<meta name=\"twitter:creator\" content=\"@Vsvk_cluster\" \/>\n<meta name=\"twitter:site\" content=\"@Vsvk_cluster\" \/>\n<meta name=\"twitter:label1\" content=\"Written by\" \/>\n\t<meta name=\"twitter:data1\" content=\"\u0160tefan Hadbavn\u00fd\" \/>\n\t<meta name=\"twitter:label2\" content=\"Estimated reading time\" \/>\n\t<meta name=\"twitter:data2\" content=\"2 minutes\" \/>\n<script type=\"application\/ld+json\" class=\"yoast-schema-graph\">{\"@context\":\"https:\/\/schema.org\",\"@graph\":[{\"@type\":\"Article\",\"@id\":\"https:\/\/vsvk.sk\/2025\/09\/06\/vsvk-na-inofest-2025-budovanie-vesmirneho-priemyslu-na-slovensku-a-v-regione-v4\/#article\",\"isPartOf\":{\"@id\":\"https:\/\/vsvk.sk\/2025\/09\/06\/vsvk-na-inofest-2025-budovanie-vesmirneho-priemyslu-na-slovensku-a-v-regione-v4\/\"},\"author\":{\"name\":\"\u0160tefan Hadbavn\u00fd\",\"@id\":\"https:\/\/vsvk.sk\/#\/schema\/person\/dbe8199497d09c268803d17c7a5a1f8e\"},\"headline\":\"VSVK na INOFEST 2025: Budovanie vesm\u00edrneho priemyslu na Slovensku a v regi\u00f3ne V4\",\"datePublished\":\"2025-09-06T20:01:27+00:00\",\"dateModified\":\"2025-09-06T20:18:04+00:00\",\"mainEntityOfPage\":{\"@id\":\"https:\/\/vsvk.sk\/2025\/09\/06\/vsvk-na-inofest-2025-budovanie-vesmirneho-priemyslu-na-slovensku-a-v-regione-v4\/\"},\"wordCount\":270,\"publisher\":{\"@id\":\"https:\/\/vsvk.sk\/#organization\"},\"image\":{\"@id\":\"https:\/\/vsvk.sk\/2025\/09\/06\/vsvk-na-inofest-2025-budovanie-vesmirneho-priemyslu-na-slovensku-a-v-regione-v4\/#primaryimage\"},\"thumbnailUrl\":\"https:\/\/vsvk.sk\/wp-content\/uploads\/2025\/09\/INOFEST-1200x1200-1.jpg\",\"articleSection\":[\"Space cluster\"],\"inLanguage\":\"en-GB\"},{\"@type\":\"WebPage\",\"@id\":\"https:\/\/vsvk.sk\/2025\/09\/06\/vsvk-na-inofest-2025-budovanie-vesmirneho-priemyslu-na-slovensku-a-v-regione-v4\/\",\"url\":\"https:\/\/vsvk.sk\/2025\/09\/06\/vsvk-na-inofest-2025-budovanie-vesmirneho-priemyslu-na-slovensku-a-v-regione-v4\/\",\"name\":\"VSVK na INOFEST 2025: Budovanie vesm\u00edrneho priemyslu na Slovensku a v regi\u00f3ne V4 - VSVK\",\"isPartOf\":{\"@id\":\"https:\/\/vsvk.sk\/#website\"},\"primaryImageOfPage\":{\"@id\":\"https:\/\/vsvk.sk\/2025\/09\/06\/vsvk-na-inofest-2025-budovanie-vesmirneho-priemyslu-na-slovensku-a-v-regione-v4\/#primaryimage\"},\"image\":{\"@id\":\"https:\/\/vsvk.sk\/2025\/09\/06\/vsvk-na-inofest-2025-budovanie-vesmirneho-priemyslu-na-slovensku-a-v-regione-v4\/#primaryimage\"},\"thumbnailUrl\":\"https:\/\/vsvk.sk\/wp-content\/uploads\/2025\/09\/INOFEST-1200x1200-1.jpg\",\"datePublished\":\"2025-09-06T20:01:27+00:00\",\"dateModified\":\"2025-09-06T20:18:04+00:00\",\"breadcrumb\":{\"@id\":\"https:\/\/vsvk.sk\/2025\/09\/06\/vsvk-na-inofest-2025-budovanie-vesmirneho-priemyslu-na-slovensku-a-v-regione-v4\/#breadcrumb\"},\"inLanguage\":\"en-GB\",\"potentialAction\":[{\"@type\":\"ReadAction\",\"target\":[\"https:\/\/vsvk.sk\/2025\/09\/06\/vsvk-na-inofest-2025-budovanie-vesmirneho-priemyslu-na-slovensku-a-v-regione-v4\/\"]}]},{\"@type\":\"ImageObject\",\"inLanguage\":\"en-GB\",\"@id\":\"https:\/\/vsvk.sk\/2025\/09\/06\/vsvk-na-inofest-2025-budovanie-vesmirneho-priemyslu-na-slovensku-a-v-regione-v4\/#primaryimage\",\"url\":\"https:\/\/vsvk.sk\/wp-content\/uploads\/2025\/09\/INOFEST-1200x1200-1.jpg\",\"contentUrl\":\"https:\/\/vsvk.sk\/wp-content\/uploads\/2025\/09\/INOFEST-1200x1200-1.jpg\",\"width\":1200,\"height\":1200},{\"@type\":\"BreadcrumbList\",\"@id\":\"https:\/\/vsvk.sk\/2025\/09\/06\/vsvk-na-inofest-2025-budovanie-vesmirneho-priemyslu-na-slovensku-a-v-regione-v4\/#breadcrumb\",\"itemListElement\":[{\"@type\":\"ListItem\",\"position\":1,\"name\":\"Domovsk\u00e1 str\u00e1nka\",\"item\":\"https:\/\/vsvk.sk\/\"},{\"@type\":\"ListItem\",\"position\":2,\"name\":\"VSVK na INOFEST 2025: Budovanie vesm\u00edrneho priemyslu na Slovensku a v regi\u00f3ne V4\"}]},{\"@type\":\"WebSite\",\"@id\":\"https:\/\/vsvk.sk\/#website\",\"url\":\"https:\/\/vsvk.sk\/\",\"name\":\"V\u00fdchodoslovensk\u00fd vesm\u00edrny klaster\",\"description\":\"\",\"publisher\":{\"@id\":\"https:\/\/vsvk.sk\/#organization\"},\"potentialAction\":[{\"@type\":\"SearchAction\",\"target\":{\"@type\":\"EntryPoint\",\"urlTemplate\":\"https:\/\/vsvk.sk\/?s={search_term_string}\"},\"query-input\":{\"@type\":\"PropertyValueSpecification\",\"valueRequired\":true,\"valueName\":\"search_term_string\"}}],\"inLanguage\":\"en-GB\"},{\"@type\":\"Organization\",\"@id\":\"https:\/\/vsvk.sk\/#organization\",\"name\":\"V\u00fdchodoslovensk\u00fd vesm\u00edrny klaster\",\"url\":\"https:\/\/vsvk.sk\/\",\"logo\":{\"@type\":\"ImageObject\",\"inLanguage\":\"en-GB\",\"@id\":\"https:\/\/vsvk.sk\/#\/schema\/logo\/image\/\",\"url\":\"https:\/\/vsvk.sk\/wp-content\/uploads\/2025\/06\/vsvk-edited-1-scaled.png\",\"contentUrl\":\"https:\/\/vsvk.sk\/wp-content\/uploads\/2025\/06\/vsvk-edited-1-scaled.png\",\"width\":2560,\"height\":1440,\"caption\":\"V\u00fdchodoslovensk\u00fd vesm\u00edrny klaster\"},\"image\":{\"@id\":\"https:\/\/vsvk.sk\/#\/schema\/logo\/image\/\"},\"sameAs\":[\"https:\/\/www.facebook.com\/profile.php?id=61576864435840\",\"https:\/\/x.com\/Vsvk_cluster\",\"https:\/\/www.linkedin.com\/company\/vsvk\/\",\"https:\/\/www.youtube.com\/@EastSlovakSpaceClusterVSVK\",\"https:\/\/www.instagram.com\/vsvk.cluster\"]},{\"@type\":\"Person\",\"@id\":\"https:\/\/vsvk.sk\/#\/schema\/person\/dbe8199497d09c268803d17c7a5a1f8e\",\"name\":\"\u0160tefan Hadbavn\u00fd\",\"url\":\"https:\/\/vsvk.sk\/en\/author\/stevo\/\"}]}<\/script>\n<!-- \/ Yoast SEO plugin. -->","yoast_head_json":{"title":"VSVK na INOFEST 2025: Budovanie vesm\u00edrneho priemyslu na Slovensku a v regi\u00f3ne V4 - VSVK","robots":{"index":"index","follow":"follow","max-snippet":"max-snippet:-1","max-image-preview":"max-image-preview:large","max-video-preview":"max-video-preview:-1"},"canonical":"https:\/\/vsvk.sk\/en\/2025\/09\/06\/vsvk-na-inofest-2025-budovanie-vesmirneho-priemyslu-na-slovensku-a-v-regione-v4\/","og_locale":"en_GB","og_type":"article","og_title":"VSVK na INOFEST 2025: Budovanie vesm\u00edrneho priemyslu na Slovensku a v regi\u00f3ne V4 - VSVK","og_description":"V\u00fdchodoslovensk\u00fd vesm\u00edrny klaster (VSVK) sa z\u00fa\u010dastn\u00ed prest\u00ed\u017eneho festivalu inov\u00e1ci\u00ed INOFEST 2025, ktor\u00fd sa uskuto\u010dn\u00ed 23.\u201324. septembra 2025 na Materi\u00e1lovotechnologickej fakulte STU v Trnave. Tento rok sa festival nesie v duchu motta: \u201eEur\u00f3pa sa vracia k priemyslu \u2013 inov\u00e1ciami!\u201c S osobitn\u00fdm zameran\u00edm na vesm\u00edrny sektor sa 24. septembra 2025 z\u00fa\u010dastn\u00edme panelovej diskusie \u201eOd v\u00edzie k realite: [&hellip;]","og_url":"https:\/\/vsvk.sk\/en\/2025\/09\/06\/vsvk-na-inofest-2025-budovanie-vesmirneho-priemyslu-na-slovensku-a-v-regione-v4\/","og_site_name":"VSVK","article_publisher":"https:\/\/www.facebook.com\/profile.php?id=61576864435840","article_published_time":"2025-09-06T20:01:27+00:00","article_modified_time":"2025-09-06T20:18:04+00:00","og_image":[{"width":1200,"height":1200,"url":"https:\/\/vsvk.sk\/wp-content\/uploads\/2025\/09\/INOFEST-1200x1200-1.jpg","type":"image\/jpeg"}],"author":"\u0160tefan Hadbavn\u00fd","twitter_card":"summary_large_image","twitter_creator":"@Vsvk_cluster","twitter_site":"@Vsvk_cluster","twitter_misc":{"Written by":"\u0160tefan Hadbavn\u00fd","Estimated reading time":"2 minutes"},"schema":{"@context":"https:\/\/schema.org","@graph":[{"@type":"Article","@id":"https:\/\/vsvk.sk\/2025\/09\/06\/vsvk-na-inofest-2025-budovanie-vesmirneho-priemyslu-na-slovensku-a-v-regione-v4\/#article","isPartOf":{"@id":"https:\/\/vsvk.sk\/2025\/09\/06\/vsvk-na-inofest-2025-budovanie-vesmirneho-priemyslu-na-slovensku-a-v-regione-v4\/"},"author":{"name":"\u0160tefan Hadbavn\u00fd","@id":"https:\/\/vsvk.sk\/#\/schema\/person\/dbe8199497d09c268803d17c7a5a1f8e"},"headline":"VSVK na INOFEST 2025: Budovanie vesm\u00edrneho priemyslu na Slovensku a v regi\u00f3ne V4","datePublished":"2025-09-06T20:01:27+00:00","dateModified":"2025-09-06T20:18:04+00:00","mainEntityOfPage":{"@id":"https:\/\/vsvk.sk\/2025\/09\/06\/vsvk-na-inofest-2025-budovanie-vesmirneho-priemyslu-na-slovensku-a-v-regione-v4\/"},"wordCount":270,"publisher":{"@id":"https:\/\/vsvk.sk\/#organization"},"image":{"@id":"https:\/\/vsvk.sk\/2025\/09\/06\/vsvk-na-inofest-2025-budovanie-vesmirneho-priemyslu-na-slovensku-a-v-regione-v4\/#primaryimage"},"thumbnailUrl":"https:\/\/vsvk.sk\/wp-content\/uploads\/2025\/09\/INOFEST-1200x1200-1.jpg","articleSection":["Space cluster"],"inLanguage":"en-GB"},{"@type":"WebPage","@id":"https:\/\/vsvk.sk\/2025\/09\/06\/vsvk-na-inofest-2025-budovanie-vesmirneho-priemyslu-na-slovensku-a-v-regione-v4\/","url":"https:\/\/vsvk.sk\/2025\/09\/06\/vsvk-na-inofest-2025-budovanie-vesmirneho-priemyslu-na-slovensku-a-v-regione-v4\/","name":"VSVK na INOFEST 2025: Budovanie vesm\u00edrneho priemyslu na Slovensku a v regi\u00f3ne V4 - VSVK","isPartOf":{"@id":"https:\/\/vsvk.sk\/#website"},"primaryImageOfPage":{"@id":"https:\/\/vsvk.sk\/2025\/09\/06\/vsvk-na-inofest-2025-budovanie-vesmirneho-priemyslu-na-slovensku-a-v-regione-v4\/#primaryimage"},"image":{"@id":"https:\/\/vsvk.sk\/2025\/09\/06\/vsvk-na-inofest-2025-budovanie-vesmirneho-priemyslu-na-slovensku-a-v-regione-v4\/#primaryimage"},"thumbnailUrl":"https:\/\/vsvk.sk\/wp-content\/uploads\/2025\/09\/INOFEST-1200x1200-1.jpg","datePublished":"2025-09-06T20:01:27+00:00","dateModified":"2025-09-06T20:18:04+00:00","breadcrumb":{"@id":"https:\/\/vsvk.sk\/2025\/09\/06\/vsvk-na-inofest-2025-budovanie-vesmirneho-priemyslu-na-slovensku-a-v-regione-v4\/#breadcrumb"},"inLanguage":"en-GB","potentialAction":[{"@type":"ReadAction","target":["https:\/\/vsvk.sk\/2025\/09\/06\/vsvk-na-inofest-2025-budovanie-vesmirneho-priemyslu-na-slovensku-a-v-regione-v4\/"]}]},{"@type":"ImageObject","inLanguage":"en-GB","@id":"https:\/\/vsvk.sk\/2025\/09\/06\/vsvk-na-inofest-2025-budovanie-vesmirneho-priemyslu-na-slovensku-a-v-regione-v4\/#primaryimage","url":"https:\/\/vsvk.sk\/wp-content\/uploads\/2025\/09\/INOFEST-1200x1200-1.jpg","contentUrl":"https:\/\/vsvk.sk\/wp-content\/uploads\/2025\/09\/INOFEST-1200x1200-1.jpg","width":1200,"height":1200},{"@type":"BreadcrumbList","@id":"https:\/\/vsvk.sk\/2025\/09\/06\/vsvk-na-inofest-2025-budovanie-vesmirneho-priemyslu-na-slovensku-a-v-regione-v4\/#breadcrumb","itemListElement":[{"@type":"ListItem","position":1,"name":"Domovsk\u00e1 str\u00e1nka","item":"https:\/\/vsvk.sk\/"},{"@type":"ListItem","position":2,"name":"VSVK na INOFEST 2025: Budovanie vesm\u00edrneho priemyslu na Slovensku a v regi\u00f3ne V4"}]},{"@type":"WebSite","@id":"https:\/\/vsvk.sk\/#website","url":"https:\/\/vsvk.sk\/","name":"V\u00fdchodoslovensk\u00fd vesm\u00edrny klaster","description":"","publisher":{"@id":"https:\/\/vsvk.sk\/#organization"},"potentialAction":[{"@type":"SearchAction","target":{"@type":"EntryPoint","urlTemplate":"https:\/\/vsvk.sk\/?s={search_term_string}"},"query-input":{"@type":"PropertyValueSpecification","valueRequired":true,"valueName":"search_term_string"}}],"inLanguage":"en-GB"},{"@type":"Organization","@id":"https:\/\/vsvk.sk\/#organization","name":"V\u00fdchodoslovensk\u00fd vesm\u00edrny klaster","url":"https:\/\/vsvk.sk\/","logo":{"@type":"ImageObject","inLanguage":"en-GB","@id":"https:\/\/vsvk.sk\/#\/schema\/logo\/image\/","url":"https:\/\/vsvk.sk\/wp-content\/uploads\/2025\/06\/vsvk-edited-1-scaled.png","contentUrl":"https:\/\/vsvk.sk\/wp-content\/uploads\/2025\/06\/vsvk-edited-1-scaled.png","width":2560,"height":1440,"caption":"V\u00fdchodoslovensk\u00fd vesm\u00edrny klaster"},"image":{"@id":"https:\/\/vsvk.sk\/#\/schema\/logo\/image\/"},"sameAs":["https:\/\/www.facebook.com\/profile.php?id=61576864435840","https:\/\/x.com\/Vsvk_cluster","https:\/\/www.linkedin.com\/company\/vsvk\/","https:\/\/www.youtube.com\/@EastSlovakSpaceClusterVSVK","https:\/\/www.instagram.com\/vsvk.cluster"]},{"@type":"Person","@id":"https:\/\/vsvk.sk\/#\/schema\/person\/dbe8199497d09c268803d17c7a5a1f8e","name":"\u0160tefan Hadbavn\u00fd","url":"https:\/\/vsvk.sk\/en\/author\/stevo\/"}]}},"_links":{"self":[{"href":"https:\/\/vsvk.sk\/en\/wp-json\/wp\/v2\/posts\/800","targetHints":{"allow":["GET"]}}],"collection":[{"href":"https:\/\/vsvk.sk\/en\/wp-json\/wp\/v2\/posts"}],"about":[{"href":"https:\/\/vsvk.sk\/en\/wp-json\/wp\/v2\/types\/post"}],"author":[{"embeddable":true,"href":"https:\/\/vsvk.sk\/en\/wp-json\/wp\/v2\/users\/4"}],"replies":[{"embeddable":true,"href":"https:\/\/vsvk.sk\/en\/wp-json\/wp\/v2\/comments?post=800"}],"version-history":[{"count":2,"href":"https:\/\/vsvk.sk\/en\/wp-json\/wp\/v2\/posts\/800\/revisions"}],"predecessor-version":[{"id":812,"href":"https:\/\/vsvk.sk\/en\/wp-json\/wp\/v2\/posts\/800\/revisions\/812"}],"wp:featuredmedia":[{"embeddable":true,"href":"https:\/\/vsvk.sk\/en\/wp-json\/wp\/v2\/media\/801"}],"wp:attachment":[{"href":"https:\/\/vsvk.sk\/en\/wp-json\/wp\/v2\/media?parent=800"}],"wp:term":[{"taxonomy":"category","embeddable":true,"href":"https:\/\/vsvk.sk\/en\/wp-json\/wp\/v2\/categories?post=800"},{"taxonomy":"post_tag","embeddable":true,"href":"https:\/\/vsvk.sk\/en\/wp-json\/wp\/v2\/tags?post=800"}],"curies":[{"name":"wp","href":"https:\/\/api.w.org\/{rel}","templated":true}]}}