{"id":743,"date":"2025-08-04T20:31:00","date_gmt":"2025-08-04T18:31:00","guid":{"rendered":"https:\/\/vsvk.sk\/?p=743"},"modified":"2025-08-04T21:28:22","modified_gmt":"2025-08-04T19:28:22","slug":"vizia-pre-europsku-vesmirnu-ekonomiku","status":"publish","type":"post","link":"https:\/\/vsvk.sk\/en\/2025\/08\/04\/vizia-pre-europsku-vesmirnu-ekonomiku\/","title":{"rendered":"Vision for the European Space Economy"},"content":{"rendered":"<div class=\"translation-block\">\n\n<div class=\"wp-block-group is-content-justification-center is-nowrap is-layout-flex wp-container-core-group-is-layout-23441af8 wp-block-group-is-layout-flex\">\n<figure class=\"wp-block-image is-resized\" style=\"margin-right:var(--wp--preset--spacing--60);margin-left:var(--wp--preset--spacing--60)\"><img src=\"https:\/\/defence-industry-space.ec.europa.eu\/sites\/default\/files\/styles\/oe_theme_full_width_banner_4_1\/public\/2025-06\/VisionfortheEuropeanSpaceEconomy-webbanner.png.webp?h=e1feddb7&amp;itok=Z1p9ZryU\" alt=\"\" style=\"object-fit:cover;width:732px;height:auto\" \/><figcaption class=\"wp-element-caption\">Source: Vision for the European Space Economy \u2013 European Commission<\/figcaption><\/figure>\n<\/div>\n\n<p>The space economy encompasses all economic activities, both on Earth and in space, enabled by space technologies, services, and infrastructure. Below is our brief summary, including key points from the <a href=\"https:\/\/defence-industry-space.ec.europa.eu\/document\/download\/918ee802-a3e5-42ea-91a1-032c7e0ab8a9_en?filename=Communication.pdf\">Vision for the European Space Economy<\/a> relevant to research, which we have highlighted for quick reference. The strategy is particularly interesting as it <strong>indicates the themes European funding will focus on in the future<\/strong>.<\/p>\n\n<h2 class=\"wp-block-heading\" style=\"padding-top:var(--wp--preset--spacing--30);padding-bottom:0\"><strong>Why is a unified EU strategy for the space economy needed?<\/strong><\/h2>\n\n<ul class=\"wp-block-list\">\n<li>The economic value of this sector is expected to reach <strong>1.8 trillion USD by 2035<\/strong>.<\/li>\n\n<li><strong>The United States<\/strong> and <strong>China<\/strong> leverage space to achieve <strong>strategic objectives<\/strong> (military, economic, scientific, and political) through ambitious space programs focused on the Moon and Mars. These <strong>drive a wave of investments<\/strong> and <strong>stimulate innovation<\/strong> in space across various fields.<\/li>\n\n<li>Increasing competition is also evident <strong>in Earth\u2019s orbit<\/strong>, where a growing number of established and emerging space powers <strong>introduce innovative technologies<\/strong>.<\/li>\n\n<li>The development of <strong>reusable heavy-lift rockets<\/strong> combined with the mass production of thousands of satellites grouped into mega-constellations is <strong>revolutionizing access to space<\/strong>. These needs underscore the importance of <strong>introducing sustainable technologies<\/strong> and <strong>services in space<\/strong> to ensure the long-term viability of space operations.<\/li>\n\n<li>Europe has <strong>lost its leading position<\/strong> in the <strong>commercial rocket<\/strong> and <strong>satellite communication<\/strong> markets. Additionally, the European space sector could benefit from <strong>updated governance rules<\/strong>, <strong>investment strategies<\/strong>, and <strong>greater coordination of public spending<\/strong> within a true single market for space.<\/li>\n\n<li><strong>Foreign government spending<\/strong> exceeds EU spending, which is between <strong>15% and 20% of the U.S. level<\/strong>, and <strong>private investments in the EU account for only 15%<\/strong> of total expenditure.<\/li>\n<\/ul>\n\n<div class=\"wp-block-group is-content-justification-center is-nowrap is-layout-flex wp-container-core-group-is-layout-23441af8 wp-block-group-is-layout-flex\">\n<figure class=\"wp-block-image is-style-default image-blog\" id=\"attachment_167071\"><img src=\"https:\/\/slord.sk\/wp-content\/uploads\/2025\/07\/Snimka-obrazovky-2025-07-10-161937.png\" alt=\"\" class=\"wp-image-167071\" style=\"object-fit:cover\" \/><figcaption class=\"wp-element-caption\">Source: Vision for the European Space Economy \u2013 European Commission<\/figcaption><\/figure>\n<\/div>\n\n<h2 class=\"wp-block-heading\" style=\"padding-top:var(--wp--preset--spacing--30)\"><strong>How to achieve this?<\/strong><\/h2>\n\n<h3 class=\"wp-block-heading\"><strong>Space as a market sector enabling European competitiveness<\/strong><\/h3>\n\n<p>The EU must make faster progress in strategic areas such as <strong>access to space<\/strong>, <strong>satellite communication<\/strong>, <strong>Earth observation<\/strong>, <strong>positioning<\/strong>, <strong>navigation and timing<\/strong>, <strong>space safety<\/strong>, <strong>artificial intelligence<\/strong>, <strong>quantum technologies<\/strong>, <strong>defense synergies<\/strong>, and <strong>space operations and services<\/strong>. EU support will therefore be built on six pillars:<\/p>\n\n<ol class=\"wp-block-list\">\n<li>Creating a single EU space market to complement the EU Space Law as an overarching framework, enabling businesses to operate more seamlessly and efficiently across borders;<\/li>\n\n<li>Accelerating space research and innovation by developing innovative technologies and strengthening global competitiveness <strong>through increased funding under FP10, defense synergies, and <a href=\"https:\/\/www.space-aisbl.org\/\">strengthening dedicated partnerships<\/a><\/strong>;<\/li>\n\n<li>Enhancing industrial readiness and technological independence by strengthening the EU\u2019s industrial base, ensuring technological sovereignty, and reducing reliance on external supply chains;<\/li>\n\n<li>Promoting space commercialization within the EU and providing support through flexible procurement, customer contracts, and increased investments to foster a more dynamic EU space economy;<\/li>\n\n<li>Maintaining strong international cooperation as a priority to ensure a connected and future-ready space ecosystem, including through sharing information on procurement processes outside the EU;<\/li>\n\n<li>Strengthening a highly skilled workforce in line with the Union of Skills while leveraging digitalization and automation to enhance productivity and efficiency.<\/li>\n<\/ol>\n\n<h3 class=\"wp-block-heading\" style=\"padding-top:var(--wp--preset--spacing--30)\">Supporting space solutions to bolster the European economy through:<\/h3>\n\n<ul class=\"wp-block-list\">\n<li><em>Infrastructure and manufacturing<\/em>:\n<ul class=\"wp-block-list\">\n<li>Facilitating the expansion and modernization of manufacturing and testing facilities across the EU;<\/li>\n\n<li>Increasing investments in <strong>next-generation satellite technology<\/strong> (including, but not limited to, software-defined satellites, quantum satellites, commercial navigation satellites, and satellite cybersecurity);<\/li>\n\n<li>Establishing <strong>manufacturing accelerators under <a href=\"https:\/\/www.cassini.eu\/cassini-initiative\">CASSINI<\/a><\/strong> to provide advisory services for the space industry to optimize manufacturing processes, logistics, and supply strategies;<\/li>\n<\/ul>\n<\/li>\n\n<li><em>Access to space:<\/em>\n<ul class=\"wp-block-list\">\n<li>Promoting EU preference in access to space while ensuring a competitive procurement process for EU institutional launch services, including through aggregation and joint procurement;<\/li>\n\n<li>Contributing to the maintenance, security, and expansion of ground infrastructure capacities;<\/li>\n\n<li>Contributing to <strong>accelerating future access-to-space solutions<\/strong>, such as through reusability;<\/li>\n<\/ul>\n<\/li>\n\n<li><em>Digital infrastructure for space:<\/em>\n<ul class=\"wp-block-list\">\n<li>Supporting sovereign EU cloud solutions for space data to reduce reliance on non-EU platforms for storing, processing, and distributing satellite data and enhance the competitiveness of EU solutions;<\/li>\n\n<li>Supporting the modernization of ground segments by continuing the transition to digital, cloud-based, and virtualized infrastructures;<\/li>\n\n<li>Supporting the creation of <strong>space data labs<\/strong> to provide researchers, developers, and businesses with a collaborative environment for experimenting with data, training AI models, and developing new applications;<\/li>\n<\/ul>\n<\/li>\n\n<li><em>Space for security and defense:<\/em>\n<ul class=\"wp-block-list\">\n<li>Supporting public demand for dual-use services and related technologies through aggregation, joint procurement, and anchoring agreements;<\/li>\n\n<li>Continuing and strengthening its <strong>security-by-design policy<\/strong> in the development of its space systems and subsequent service provision, taking into account dual-use principles;<\/li>\n\n<li>Exploring the potential for <strong>expanded dual-use space systems<\/strong>, i.e., government Earth observation, positioning, navigation, and timing services on low Earth orbit, IRIS\u00b2, radio interference monitoring, and space situational awareness;<\/li>\n<\/ul>\n<\/li>\n\n<li><em>Supporting space services and simplification:<\/em>\n<ul class=\"wp-block-list\">\n<li>Implementing innovative procurement in the space sector, particularly for public authorities purchasing space services and data, using a dynamic procurement system that aggregates public authority requirements and alleviates local and regional levels from complex procurement processes through a single, simplified centralized approach;<\/li>\n\n<li>Launching the \u201c<strong>Make it with Space<\/strong>\u201d program, a dedicated EU funding program to enable new users to test, evaluate, and implement space solutions into their business processes, making them more efficient, sustainable, and resilient while avoiding disruption to competition;<\/li>\n<\/ul>\n<\/li>\n<\/ul>\n\n<h3 class=\"wp-block-heading\" style=\"padding-top:var(--wp--preset--spacing--30)\">Leveraging the space economy through:<\/h3>\n\n<ul class=\"wp-block-list\">\n<li>Exploring the <strong>possibility of a pilot ISOS mission<\/strong> (In Space Operations and Services) by 2030 (and next-generation space infrastructure) and laying the groundwork for a <strong>new strategic flagship project<\/strong> by 2035, <strong>providing on-demand services in space<\/strong> for maintenance, upgrades, assembly, manufacturing, repairs, debris removal, recycling, and logistics for satellites and other space objects;<\/li>\n\n<li>Preparing conditions and supporting the development of enabling technologies for <strong>demonstration projects of space data centers<\/strong> and <strong>distributed computing power in space<\/strong>;<\/li>\n\n<li>Coordinating <strong>research activities in resource extraction and utilization<\/strong>, <strong>development of scientific instruments<\/strong>, and <strong>cooperative and interoperable robotics<\/strong>.<\/li>\n<\/ul>\n\n<p>To implement this ambitious vision, the Commission will establish \u201cSpace Team Europe,\u201d an advisory body to assist in preparing the Action Plan for this strategy, titled the \u201cEU Space Master Plan.\u201d<\/p>\n\n<p>Published on 10.7.2025, slord<\/p>\n\n<p><a href=\"https:\/\/slord.sk\/aktualita\/vizia-pre-europsku-vesmirnu-ekonomiku\/?utm_source=newsletter&amp;utm_medium=email&amp;utm_term=2025-07-31&amp;utm_campaign=SLORD+-+Novinky+z+eurpskej+vedy+a+inovci+-+Jl+2025\">Link to the article<\/a><\/p>\n\n<\/div>","protected":false},"excerpt":{"rendered":"<p>Vesm\u00edrne hospod\u00e1rstvo zah\u0155\u0148a v\u0161etky hospod\u00e1rske \u010dinnosti, ako na Zemi, tak aj vo vesm\u00edre, ktor\u00e9 s\u00fa umo\u017enen\u00e9 vesm\u00edrnymi technol\u00f3giami, slu\u017ebami a infra\u0161trukt\u00farou. Ni\u017e\u0161ie n\u00e1jdete n\u00e1\u0161 kr\u00e1tky sum\u00e1r vr\u00e1tane hlavn\u00fdch bodov&nbsp;V\u00edzie pre eur\u00f3psku vesm\u00edrnu ekonomiku&nbsp;relevantn\u00fdch pre v\u00fdskum,&nbsp;ktor\u00e9 sme pod\u010diarkli&nbsp;pre r\u00fdchlej\u0161iu orient\u00e1ciu. Strat\u00e9gia je zauj\u00edmav\u00e1 najm\u00e4 z h\u013eadiska toho, \u017ee&nbsp;nazna\u010duje, na ktor\u00e9 t\u00e9my sa eur\u00f3pske financovanie bude do [&hellip;]<\/p>","protected":false},"author":4,"featured_media":744,"comment_status":"closed","ping_status":"open","sticky":false,"template":"","format":"standard","meta":{"footnotes":""},"categories":[14],"tags":[17,26,18,16],"class_list":["post-743","post","type-post","status-publish","format-standard","has-post-thumbnail","hentry","category-space-cluster","tag-eastern-slovakia","tag-sav","tag-space","tag-vsvk"],"yoast_head":"<!-- This site is optimized with the Yoast SEO plugin v25.3.1 - https:\/\/yoast.com\/wordpress\/plugins\/seo\/ -->\n<title>V\u00edzia pre Eur\u00f3psku vesm\u00edrnu ekonomiku - VSVK<\/title>\n<meta name=\"robots\" content=\"index, follow, max-snippet:-1, max-image-preview:large, max-video-preview:-1\" \/>\n<link rel=\"canonical\" href=\"https:\/\/vsvk.sk\/en\/2025\/08\/04\/vizia-pre-europsku-vesmirnu-ekonomiku\/\" \/>\n<meta property=\"og:locale\" content=\"en_GB\" \/>\n<meta property=\"og:type\" content=\"article\" \/>\n<meta property=\"og:title\" content=\"V\u00edzia pre Eur\u00f3psku vesm\u00edrnu ekonomiku - VSVK\" \/>\n<meta property=\"og:description\" content=\"Vesm\u00edrne hospod\u00e1rstvo zah\u0155\u0148a v\u0161etky hospod\u00e1rske \u010dinnosti, ako na Zemi, tak aj vo vesm\u00edre, ktor\u00e9 s\u00fa umo\u017enen\u00e9 vesm\u00edrnymi technol\u00f3giami, slu\u017ebami a infra\u0161trukt\u00farou. Ni\u017e\u0161ie n\u00e1jdete n\u00e1\u0161 kr\u00e1tky sum\u00e1r vr\u00e1tane hlavn\u00fdch bodov&nbsp;V\u00edzie pre eur\u00f3psku vesm\u00edrnu ekonomiku&nbsp;relevantn\u00fdch pre v\u00fdskum,&nbsp;ktor\u00e9 sme pod\u010diarkli&nbsp;pre r\u00fdchlej\u0161iu orient\u00e1ciu. Strat\u00e9gia je zauj\u00edmav\u00e1 najm\u00e4 z h\u013eadiska toho, \u017ee&nbsp;nazna\u010duje, na ktor\u00e9 t\u00e9my sa eur\u00f3pske financovanie bude do [&hellip;]\" \/>\n<meta property=\"og:url\" content=\"https:\/\/vsvk.sk\/en\/2025\/08\/04\/vizia-pre-europsku-vesmirnu-ekonomiku\/\" \/>\n<meta property=\"og:site_name\" content=\"VSVK\" \/>\n<meta property=\"article:publisher\" content=\"https:\/\/www.facebook.com\/profile.php?id=61576864435840\" \/>\n<meta property=\"article:published_time\" content=\"2025-08-04T18:31:00+00:00\" \/>\n<meta property=\"article:modified_time\" content=\"2025-08-04T19:28:22+00:00\" \/>\n<meta property=\"og:image\" content=\"https:\/\/vsvk.sk\/wp-content\/uploads\/2025\/08\/Vision-for-the-European-Space-Economy-web-banner.png-e1754333228803.webp\" \/>\n\t<meta property=\"og:image:width\" content=\"875\" \/>\n\t<meta property=\"og:image:height\" content=\"480\" \/>\n\t<meta property=\"og:image:type\" content=\"image\/webp\" \/>\n<meta name=\"author\" content=\"\u0160tefan Hadbavn\u00fd\" \/>\n<meta name=\"twitter:card\" content=\"summary_large_image\" \/>\n<meta name=\"twitter:creator\" content=\"@Vsvk_cluster\" \/>\n<meta name=\"twitter:site\" content=\"@Vsvk_cluster\" \/>\n<meta name=\"twitter:label1\" content=\"Written by\" \/>\n\t<meta name=\"twitter:data1\" content=\"\u0160tefan Hadbavn\u00fd\" \/>\n\t<meta name=\"twitter:label2\" content=\"Estimated reading time\" \/>\n\t<meta name=\"twitter:data2\" content=\"6 minutes\" \/>\n<script type=\"application\/ld+json\" class=\"yoast-schema-graph\">{\"@context\":\"https:\/\/schema.org\",\"@graph\":[{\"@type\":\"Article\",\"@id\":\"https:\/\/vsvk.sk\/2025\/08\/04\/vizia-pre-europsku-vesmirnu-ekonomiku\/#article\",\"isPartOf\":{\"@id\":\"https:\/\/vsvk.sk\/2025\/08\/04\/vizia-pre-europsku-vesmirnu-ekonomiku\/\"},\"author\":{\"name\":\"\u0160tefan Hadbavn\u00fd\",\"@id\":\"https:\/\/vsvk.sk\/#\/schema\/person\/dbe8199497d09c268803d17c7a5a1f8e\"},\"headline\":\"V\u00edzia pre Eur\u00f3psku vesm\u00edrnu ekonomiku\",\"datePublished\":\"2025-08-04T18:31:00+00:00\",\"dateModified\":\"2025-08-04T19:28:22+00:00\",\"mainEntityOfPage\":{\"@id\":\"https:\/\/vsvk.sk\/2025\/08\/04\/vizia-pre-europsku-vesmirnu-ekonomiku\/\"},\"wordCount\":1506,\"publisher\":{\"@id\":\"https:\/\/vsvk.sk\/#organization\"},\"image\":{\"@id\":\"https:\/\/vsvk.sk\/2025\/08\/04\/vizia-pre-europsku-vesmirnu-ekonomiku\/#primaryimage\"},\"thumbnailUrl\":\"https:\/\/vsvk.sk\/wp-content\/uploads\/2025\/08\/Vision-for-the-European-Space-Economy-web-banner.png-e1754333228803.webp\",\"keywords\":[\"eastern slovakia\",\"sav\",\"space\",\"vsvk\"],\"articleSection\":[\"Space cluster\"],\"inLanguage\":\"en-GB\"},{\"@type\":\"WebPage\",\"@id\":\"https:\/\/vsvk.sk\/2025\/08\/04\/vizia-pre-europsku-vesmirnu-ekonomiku\/\",\"url\":\"https:\/\/vsvk.sk\/2025\/08\/04\/vizia-pre-europsku-vesmirnu-ekonomiku\/\",\"name\":\"V\u00edzia pre Eur\u00f3psku vesm\u00edrnu ekonomiku - VSVK\",\"isPartOf\":{\"@id\":\"https:\/\/vsvk.sk\/#website\"},\"primaryImageOfPage\":{\"@id\":\"https:\/\/vsvk.sk\/2025\/08\/04\/vizia-pre-europsku-vesmirnu-ekonomiku\/#primaryimage\"},\"image\":{\"@id\":\"https:\/\/vsvk.sk\/2025\/08\/04\/vizia-pre-europsku-vesmirnu-ekonomiku\/#primaryimage\"},\"thumbnailUrl\":\"https:\/\/vsvk.sk\/wp-content\/uploads\/2025\/08\/Vision-for-the-European-Space-Economy-web-banner.png-e1754333228803.webp\",\"datePublished\":\"2025-08-04T18:31:00+00:00\",\"dateModified\":\"2025-08-04T19:28:22+00:00\",\"breadcrumb\":{\"@id\":\"https:\/\/vsvk.sk\/2025\/08\/04\/vizia-pre-europsku-vesmirnu-ekonomiku\/#breadcrumb\"},\"inLanguage\":\"en-GB\",\"potentialAction\":[{\"@type\":\"ReadAction\",\"target\":[\"https:\/\/vsvk.sk\/2025\/08\/04\/vizia-pre-europsku-vesmirnu-ekonomiku\/\"]}]},{\"@type\":\"ImageObject\",\"inLanguage\":\"en-GB\",\"@id\":\"https:\/\/vsvk.sk\/2025\/08\/04\/vizia-pre-europsku-vesmirnu-ekonomiku\/#primaryimage\",\"url\":\"https:\/\/vsvk.sk\/wp-content\/uploads\/2025\/08\/Vision-for-the-European-Space-Economy-web-banner.png-e1754333228803.webp\",\"contentUrl\":\"https:\/\/vsvk.sk\/wp-content\/uploads\/2025\/08\/Vision-for-the-European-Space-Economy-web-banner.png-e1754333228803.webp\",\"width\":875,\"height\":480},{\"@type\":\"BreadcrumbList\",\"@id\":\"https:\/\/vsvk.sk\/2025\/08\/04\/vizia-pre-europsku-vesmirnu-ekonomiku\/#breadcrumb\",\"itemListElement\":[{\"@type\":\"ListItem\",\"position\":1,\"name\":\"Domovsk\u00e1 str\u00e1nka\",\"item\":\"https:\/\/vsvk.sk\/\"},{\"@type\":\"ListItem\",\"position\":2,\"name\":\"V\u00edzia pre Eur\u00f3psku vesm\u00edrnu ekonomiku\"}]},{\"@type\":\"WebSite\",\"@id\":\"https:\/\/vsvk.sk\/#website\",\"url\":\"https:\/\/vsvk.sk\/\",\"name\":\"V\u00fdchodoslovensk\u00fd vesm\u00edrny klaster\",\"description\":\"\",\"publisher\":{\"@id\":\"https:\/\/vsvk.sk\/#organization\"},\"potentialAction\":[{\"@type\":\"SearchAction\",\"target\":{\"@type\":\"EntryPoint\",\"urlTemplate\":\"https:\/\/vsvk.sk\/?s={search_term_string}\"},\"query-input\":{\"@type\":\"PropertyValueSpecification\",\"valueRequired\":true,\"valueName\":\"search_term_string\"}}],\"inLanguage\":\"en-GB\"},{\"@type\":\"Organization\",\"@id\":\"https:\/\/vsvk.sk\/#organization\",\"name\":\"V\u00fdchodoslovensk\u00fd vesm\u00edrny klaster\",\"url\":\"https:\/\/vsvk.sk\/\",\"logo\":{\"@type\":\"ImageObject\",\"inLanguage\":\"en-GB\",\"@id\":\"https:\/\/vsvk.sk\/#\/schema\/logo\/image\/\",\"url\":\"https:\/\/vsvk.sk\/wp-content\/uploads\/2025\/06\/vsvk-edited-1-scaled.png\",\"contentUrl\":\"https:\/\/vsvk.sk\/wp-content\/uploads\/2025\/06\/vsvk-edited-1-scaled.png\",\"width\":2560,\"height\":1440,\"caption\":\"V\u00fdchodoslovensk\u00fd vesm\u00edrny klaster\"},\"image\":{\"@id\":\"https:\/\/vsvk.sk\/#\/schema\/logo\/image\/\"},\"sameAs\":[\"https:\/\/www.facebook.com\/profile.php?id=61576864435840\",\"https:\/\/x.com\/Vsvk_cluster\",\"https:\/\/www.linkedin.com\/company\/vsvk\/\",\"https:\/\/www.youtube.com\/@EastSlovakSpaceClusterVSVK\",\"https:\/\/www.instagram.com\/vsvk.cluster\"]},{\"@type\":\"Person\",\"@id\":\"https:\/\/vsvk.sk\/#\/schema\/person\/dbe8199497d09c268803d17c7a5a1f8e\",\"name\":\"\u0160tefan Hadbavn\u00fd\",\"url\":\"https:\/\/vsvk.sk\/en\/author\/stevo\/\"}]}<\/script>\n<!-- \/ Yoast SEO plugin. -->","yoast_head_json":{"title":"V\u00edzia pre Eur\u00f3psku vesm\u00edrnu ekonomiku - VSVK","robots":{"index":"index","follow":"follow","max-snippet":"max-snippet:-1","max-image-preview":"max-image-preview:large","max-video-preview":"max-video-preview:-1"},"canonical":"https:\/\/vsvk.sk\/en\/2025\/08\/04\/vizia-pre-europsku-vesmirnu-ekonomiku\/","og_locale":"en_GB","og_type":"article","og_title":"V\u00edzia pre Eur\u00f3psku vesm\u00edrnu ekonomiku - VSVK","og_description":"Vesm\u00edrne hospod\u00e1rstvo zah\u0155\u0148a v\u0161etky hospod\u00e1rske \u010dinnosti, ako na Zemi, tak aj vo vesm\u00edre, ktor\u00e9 s\u00fa umo\u017enen\u00e9 vesm\u00edrnymi technol\u00f3giami, slu\u017ebami a infra\u0161trukt\u00farou. Ni\u017e\u0161ie n\u00e1jdete n\u00e1\u0161 kr\u00e1tky sum\u00e1r vr\u00e1tane hlavn\u00fdch bodov&nbsp;V\u00edzie pre eur\u00f3psku vesm\u00edrnu ekonomiku&nbsp;relevantn\u00fdch pre v\u00fdskum,&nbsp;ktor\u00e9 sme pod\u010diarkli&nbsp;pre r\u00fdchlej\u0161iu orient\u00e1ciu. Strat\u00e9gia je zauj\u00edmav\u00e1 najm\u00e4 z h\u013eadiska toho, \u017ee&nbsp;nazna\u010duje, na ktor\u00e9 t\u00e9my sa eur\u00f3pske financovanie bude do [&hellip;]","og_url":"https:\/\/vsvk.sk\/en\/2025\/08\/04\/vizia-pre-europsku-vesmirnu-ekonomiku\/","og_site_name":"VSVK","article_publisher":"https:\/\/www.facebook.com\/profile.php?id=61576864435840","article_published_time":"2025-08-04T18:31:00+00:00","article_modified_time":"2025-08-04T19:28:22+00:00","og_image":[{"width":875,"height":480,"url":"https:\/\/vsvk.sk\/wp-content\/uploads\/2025\/08\/Vision-for-the-European-Space-Economy-web-banner.png-e1754333228803.webp","type":"image\/webp"}],"author":"\u0160tefan Hadbavn\u00fd","twitter_card":"summary_large_image","twitter_creator":"@Vsvk_cluster","twitter_site":"@Vsvk_cluster","twitter_misc":{"Written by":"\u0160tefan Hadbavn\u00fd","Estimated reading time":"6 minutes"},"schema":{"@context":"https:\/\/schema.org","@graph":[{"@type":"Article","@id":"https:\/\/vsvk.sk\/2025\/08\/04\/vizia-pre-europsku-vesmirnu-ekonomiku\/#article","isPartOf":{"@id":"https:\/\/vsvk.sk\/2025\/08\/04\/vizia-pre-europsku-vesmirnu-ekonomiku\/"},"author":{"name":"\u0160tefan Hadbavn\u00fd","@id":"https:\/\/vsvk.sk\/#\/schema\/person\/dbe8199497d09c268803d17c7a5a1f8e"},"headline":"V\u00edzia pre Eur\u00f3psku vesm\u00edrnu ekonomiku","datePublished":"2025-08-04T18:31:00+00:00","dateModified":"2025-08-04T19:28:22+00:00","mainEntityOfPage":{"@id":"https:\/\/vsvk.sk\/2025\/08\/04\/vizia-pre-europsku-vesmirnu-ekonomiku\/"},"wordCount":1506,"publisher":{"@id":"https:\/\/vsvk.sk\/#organization"},"image":{"@id":"https:\/\/vsvk.sk\/2025\/08\/04\/vizia-pre-europsku-vesmirnu-ekonomiku\/#primaryimage"},"thumbnailUrl":"https:\/\/vsvk.sk\/wp-content\/uploads\/2025\/08\/Vision-for-the-European-Space-Economy-web-banner.png-e1754333228803.webp","keywords":["eastern slovakia","sav","space","vsvk"],"articleSection":["Space cluster"],"inLanguage":"en-GB"},{"@type":"WebPage","@id":"https:\/\/vsvk.sk\/2025\/08\/04\/vizia-pre-europsku-vesmirnu-ekonomiku\/","url":"https:\/\/vsvk.sk\/2025\/08\/04\/vizia-pre-europsku-vesmirnu-ekonomiku\/","name":"V\u00edzia pre Eur\u00f3psku vesm\u00edrnu ekonomiku - VSVK","isPartOf":{"@id":"https:\/\/vsvk.sk\/#website"},"primaryImageOfPage":{"@id":"https:\/\/vsvk.sk\/2025\/08\/04\/vizia-pre-europsku-vesmirnu-ekonomiku\/#primaryimage"},"image":{"@id":"https:\/\/vsvk.sk\/2025\/08\/04\/vizia-pre-europsku-vesmirnu-ekonomiku\/#primaryimage"},"thumbnailUrl":"https:\/\/vsvk.sk\/wp-content\/uploads\/2025\/08\/Vision-for-the-European-Space-Economy-web-banner.png-e1754333228803.webp","datePublished":"2025-08-04T18:31:00+00:00","dateModified":"2025-08-04T19:28:22+00:00","breadcrumb":{"@id":"https:\/\/vsvk.sk\/2025\/08\/04\/vizia-pre-europsku-vesmirnu-ekonomiku\/#breadcrumb"},"inLanguage":"en-GB","potentialAction":[{"@type":"ReadAction","target":["https:\/\/vsvk.sk\/2025\/08\/04\/vizia-pre-europsku-vesmirnu-ekonomiku\/"]}]},{"@type":"ImageObject","inLanguage":"en-GB","@id":"https:\/\/vsvk.sk\/2025\/08\/04\/vizia-pre-europsku-vesmirnu-ekonomiku\/#primaryimage","url":"https:\/\/vsvk.sk\/wp-content\/uploads\/2025\/08\/Vision-for-the-European-Space-Economy-web-banner.png-e1754333228803.webp","contentUrl":"https:\/\/vsvk.sk\/wp-content\/uploads\/2025\/08\/Vision-for-the-European-Space-Economy-web-banner.png-e1754333228803.webp","width":875,"height":480},{"@type":"BreadcrumbList","@id":"https:\/\/vsvk.sk\/2025\/08\/04\/vizia-pre-europsku-vesmirnu-ekonomiku\/#breadcrumb","itemListElement":[{"@type":"ListItem","position":1,"name":"Domovsk\u00e1 str\u00e1nka","item":"https:\/\/vsvk.sk\/"},{"@type":"ListItem","position":2,"name":"V\u00edzia pre Eur\u00f3psku vesm\u00edrnu ekonomiku"}]},{"@type":"WebSite","@id":"https:\/\/vsvk.sk\/#website","url":"https:\/\/vsvk.sk\/","name":"V\u00fdchodoslovensk\u00fd vesm\u00edrny klaster","description":"","publisher":{"@id":"https:\/\/vsvk.sk\/#organization"},"potentialAction":[{"@type":"SearchAction","target":{"@type":"EntryPoint","urlTemplate":"https:\/\/vsvk.sk\/?s={search_term_string}"},"query-input":{"@type":"PropertyValueSpecification","valueRequired":true,"valueName":"search_term_string"}}],"inLanguage":"en-GB"},{"@type":"Organization","@id":"https:\/\/vsvk.sk\/#organization","name":"V\u00fdchodoslovensk\u00fd vesm\u00edrny klaster","url":"https:\/\/vsvk.sk\/","logo":{"@type":"ImageObject","inLanguage":"en-GB","@id":"https:\/\/vsvk.sk\/#\/schema\/logo\/image\/","url":"https:\/\/vsvk.sk\/wp-content\/uploads\/2025\/06\/vsvk-edited-1-scaled.png","contentUrl":"https:\/\/vsvk.sk\/wp-content\/uploads\/2025\/06\/vsvk-edited-1-scaled.png","width":2560,"height":1440,"caption":"V\u00fdchodoslovensk\u00fd vesm\u00edrny klaster"},"image":{"@id":"https:\/\/vsvk.sk\/#\/schema\/logo\/image\/"},"sameAs":["https:\/\/www.facebook.com\/profile.php?id=61576864435840","https:\/\/x.com\/Vsvk_cluster","https:\/\/www.linkedin.com\/company\/vsvk\/","https:\/\/www.youtube.com\/@EastSlovakSpaceClusterVSVK","https:\/\/www.instagram.com\/vsvk.cluster"]},{"@type":"Person","@id":"https:\/\/vsvk.sk\/#\/schema\/person\/dbe8199497d09c268803d17c7a5a1f8e","name":"\u0160tefan Hadbavn\u00fd","url":"https:\/\/vsvk.sk\/en\/author\/stevo\/"}]}},"_links":{"self":[{"href":"https:\/\/vsvk.sk\/en\/wp-json\/wp\/v2\/posts\/743","targetHints":{"allow":["GET"]}}],"collection":[{"href":"https:\/\/vsvk.sk\/en\/wp-json\/wp\/v2\/posts"}],"about":[{"href":"https:\/\/vsvk.sk\/en\/wp-json\/wp\/v2\/types\/post"}],"author":[{"embeddable":true,"href":"https:\/\/vsvk.sk\/en\/wp-json\/wp\/v2\/users\/4"}],"replies":[{"embeddable":true,"href":"https:\/\/vsvk.sk\/en\/wp-json\/wp\/v2\/comments?post=743"}],"version-history":[{"count":14,"href":"https:\/\/vsvk.sk\/en\/wp-json\/wp\/v2\/posts\/743\/revisions"}],"predecessor-version":[{"id":775,"href":"https:\/\/vsvk.sk\/en\/wp-json\/wp\/v2\/posts\/743\/revisions\/775"}],"wp:featuredmedia":[{"embeddable":true,"href":"https:\/\/vsvk.sk\/en\/wp-json\/wp\/v2\/media\/744"}],"wp:attachment":[{"href":"https:\/\/vsvk.sk\/en\/wp-json\/wp\/v2\/media?parent=743"}],"wp:term":[{"taxonomy":"category","embeddable":true,"href":"https:\/\/vsvk.sk\/en\/wp-json\/wp\/v2\/categories?post=743"},{"taxonomy":"post_tag","embeddable":true,"href":"https:\/\/vsvk.sk\/en\/wp-json\/wp\/v2\/tags?post=743"}],"curies":[{"name":"wp","href":"https:\/\/api.w.org\/{rel}","templated":true}]}}