{"id":677,"date":"2025-02-05T12:51:55","date_gmt":"2025-02-05T11:51:55","guid":{"rendered":"https:\/\/vsvk.sk\/?p=677"},"modified":"2025-06-18T12:57:56","modified_gmt":"2025-06-18T10:57:56","slug":"prve-valne-zhromazdenie-vychodoslovenskeho-vesmirneho-klastra","status":"publish","type":"post","link":"https:\/\/vsvk.sk\/en\/2025\/02\/05\/prve-valne-zhromazdenie-vychodoslovenskeho-vesmirneho-klastra\/","title":{"rendered":"First general assembly of the Eastern Slovak Space Cluster"},"content":{"rendered":"<p class=\"translation-block\">On Thursday <strong>January 30, 2025<\/strong>, the first <strong>general assembly of the Eastern Slovak Space Cluster<\/strong> took place, which was established at the beginning of this year, and its founding members, besides UPJ\u0160 in Ko\u0161ice, include the Technical University of Ko\u0161ice, the Institute of Experimental Physics of the Slovak Academy of Sciences, Deutsche Telekom IT Solutions, and the Slovak Space Office (SARIO Agency). The cluster represents an important step in building a dynamic innovation ecosystem in the field of space technologies in eastern Slovakia.<\/p>\n\n\n\n<figure class=\"wp-block-image aligncenter size-large\"><img loading=\"lazy\" decoding=\"async\" width=\"1024\" height=\"219\" src=\"https:\/\/vsvk.sk\/wp-content\/uploads\/2025\/06\/banner-il-klaster-022025-1024x219.png\" alt=\"\" class=\"wp-image-679\" srcset=\"https:\/\/vsvk.sk\/wp-content\/uploads\/2025\/06\/banner-il-klaster-022025-1024x219.png 1024w, https:\/\/vsvk.sk\/wp-content\/uploads\/2025\/06\/banner-il-klaster-022025-300x64.png 300w, https:\/\/vsvk.sk\/wp-content\/uploads\/2025\/06\/banner-il-klaster-022025-768x164.png 768w, https:\/\/vsvk.sk\/wp-content\/uploads\/2025\/06\/banner-il-klaster-022025-18x4.png 18w, https:\/\/vsvk.sk\/wp-content\/uploads\/2025\/06\/banner-il-klaster-022025.png 1170w\" sizes=\"auto, (max-width: 1024px) 100vw, 1024px\" \/><\/figure>\n\n\n\n<p><strong>Strategic objectives of the cluster include:<\/strong><\/p>\n\n\n\n<ul class=\"wp-block-list\">\n<li>Development of the space ecosystem in eastern Slovakia by actively connecting academic institutions and industry with the goal of developing innovative and competitive products and services,<\/li>\n\n\n\n<li>Involvement of eastern Slovakia in international space projects, including cooperation with the European Space Agency,<\/li>\n\n\n\n<li>Retention and attraction of talent and development of professional education, thereby strengthening the region\u2019s attractiveness for young professionals,<\/li>\n\n\n\n<li>Support for innovative startups and companies that can find new opportunities in this dynamically growing sector.<\/li>\n<\/ul>\n\n\n\n<p class=\"translation-block\">At the first general assembly of the Eastern Slovak Space Cluster, <a href=\"https:\/\/www.upjs.sk\/PF\/zamestnanec\/ivana.sisolakova\/\" target=\"_self\"><strong>RNDr. Ivana \u0160i\u0161ol\u00e1kov\u00e1, PhD.<\/strong><\/a>, university associate professor from the <a href=\"https:\/\/www.upjs.sk\/prirodovedecka-fakulta\/pracoviska\/ustavy-pf\/uchv\/\" target=\"_self\">Institute of Chemical Sciences<\/a> of the Faculty of Science at UPJ\u0160, was elected to the Board of Directors of the Eastern Slovak Space Cluster.<\/p>","protected":false},"excerpt":{"rendered":"<p>Vo \u0161tvrtok 30. janu\u00e1ra 2025 sa konalo prv\u00e9 valn\u00e9 zhroma\u017edenie V\u00fdchodoslovensk\u00e9ho vesm\u00edrneho klastra, ktor\u00fd vznikol za\u010diatkom tohto roka a\u00a0jeho zakladaj\u00facimi \u010dlenmi s\u00fa okrem UPJ\u0160 v\u00a0Ko\u0161iciach Technick\u00e1 univerzita v\u00a0Ko\u0161iciach, \u00dastav experiment\u00e1lnej fyziky Slovenskej akad\u00e9mie vied, Deutsche Telekom IT Solutions a\u00a0Slovensk\u00e1 vesm\u00edrna kancel\u00e1ria (Agent\u00fara SARIO).\u00a0 Klaster predstavuje d\u00f4le\u017eit\u00fd krok v budovan\u00ed dynamick\u00e9ho inova\u010dn\u00e9ho ekosyst\u00e9mu v oblasti vesm\u00edrnych [&hellip;]<\/p>","protected":false},"author":6,"featured_media":678,"comment_status":"closed","ping_status":"open","sticky":false,"template":"","format":"standard","meta":{"footnotes":""},"categories":[14],"tags":[23,17,25,26,20,18,24,21,16],"class_list":["post-677","post","type-post","status-publish","format-standard","has-post-thumbnail","hentry","category-space-cluster","tag-dtitsk","tag-eastern-slovakia","tag-sario","tag-sav","tag-slovakia","tag-space","tag-tuke","tag-upjs","tag-vsvk"],"yoast_head":"<!-- This site is optimized with the Yoast SEO plugin v25.3.1 - https:\/\/yoast.com\/wordpress\/plugins\/seo\/ -->\n<title>Prv\u00e9 valn\u00e9 zhroma\u017edenie V\u00fdchodoslovensk\u00e9ho vesm\u00edrneho klastra - VSVK<\/title>\n<meta name=\"robots\" content=\"index, follow, max-snippet:-1, max-image-preview:large, max-video-preview:-1\" \/>\n<link rel=\"canonical\" href=\"https:\/\/vsvk.sk\/en\/2025\/02\/05\/prve-valne-zhromazdenie-vychodoslovenskeho-vesmirneho-klastra\/\" \/>\n<meta property=\"og:locale\" content=\"en_GB\" \/>\n<meta property=\"og:type\" content=\"article\" \/>\n<meta property=\"og:title\" content=\"Prv\u00e9 valn\u00e9 zhroma\u017edenie V\u00fdchodoslovensk\u00e9ho vesm\u00edrneho klastra - VSVK\" \/>\n<meta property=\"og:description\" content=\"Vo \u0161tvrtok 30. janu\u00e1ra 2025 sa konalo prv\u00e9 valn\u00e9 zhroma\u017edenie V\u00fdchodoslovensk\u00e9ho vesm\u00edrneho klastra, ktor\u00fd vznikol za\u010diatkom tohto roka a\u00a0jeho zakladaj\u00facimi \u010dlenmi s\u00fa okrem UPJ\u0160 v\u00a0Ko\u0161iciach Technick\u00e1 univerzita v\u00a0Ko\u0161iciach, \u00dastav experiment\u00e1lnej fyziky Slovenskej akad\u00e9mie vied, Deutsche Telekom IT Solutions a\u00a0Slovensk\u00e1 vesm\u00edrna kancel\u00e1ria (Agent\u00fara SARIO).\u00a0 Klaster predstavuje d\u00f4le\u017eit\u00fd krok v budovan\u00ed dynamick\u00e9ho inova\u010dn\u00e9ho ekosyst\u00e9mu v oblasti vesm\u00edrnych [&hellip;]\" \/>\n<meta property=\"og:url\" content=\"https:\/\/vsvk.sk\/en\/2025\/02\/05\/prve-valne-zhromazdenie-vychodoslovenskeho-vesmirneho-klastra\/\" \/>\n<meta property=\"og:site_name\" content=\"VSVK\" \/>\n<meta property=\"article:publisher\" content=\"https:\/\/www.facebook.com\/profile.php?id=61576864435840\" \/>\n<meta property=\"article:published_time\" content=\"2025-02-05T11:51:55+00:00\" \/>\n<meta property=\"article:modified_time\" content=\"2025-06-18T10:57:56+00:00\" \/>\n<meta property=\"og:image\" content=\"https:\/\/vsvk.sk\/wp-content\/uploads\/2025\/06\/aktual-klaster-022025-1536x1152-1.jpg\" \/>\n\t<meta property=\"og:image:width\" content=\"1536\" \/>\n\t<meta property=\"og:image:height\" content=\"1152\" \/>\n\t<meta property=\"og:image:type\" content=\"image\/jpeg\" \/>\n<meta name=\"author\" content=\"Gabriel Urban\" \/>\n<meta name=\"twitter:card\" content=\"summary_large_image\" \/>\n<meta name=\"twitter:creator\" content=\"@Vsvk_cluster\" \/>\n<meta name=\"twitter:site\" content=\"@Vsvk_cluster\" \/>\n<meta name=\"twitter:label1\" content=\"Written by\" \/>\n\t<meta name=\"twitter:data1\" content=\"Gabriel Urban\" \/>\n\t<meta name=\"twitter:label2\" content=\"Estimated reading time\" \/>\n\t<meta name=\"twitter:data2\" content=\"1 minute\" \/>\n<script type=\"application\/ld+json\" class=\"yoast-schema-graph\">{\"@context\":\"https:\/\/schema.org\",\"@graph\":[{\"@type\":\"Article\",\"@id\":\"https:\/\/vsvk.sk\/2025\/02\/05\/prve-valne-zhromazdenie-vychodoslovenskeho-vesmirneho-klastra\/#article\",\"isPartOf\":{\"@id\":\"https:\/\/vsvk.sk\/2025\/02\/05\/prve-valne-zhromazdenie-vychodoslovenskeho-vesmirneho-klastra\/\"},\"author\":{\"name\":\"Gabriel Urban\",\"@id\":\"https:\/\/vsvk.sk\/#\/schema\/person\/7aecc3b5692efd4679504965a5f67b40\"},\"headline\":\"Prv\u00e9 valn\u00e9 zhroma\u017edenie V\u00fdchodoslovensk\u00e9ho vesm\u00edrneho klastra\",\"datePublished\":\"2025-02-05T11:51:55+00:00\",\"dateModified\":\"2025-06-18T10:57:56+00:00\",\"mainEntityOfPage\":{\"@id\":\"https:\/\/vsvk.sk\/2025\/02\/05\/prve-valne-zhromazdenie-vychodoslovenskeho-vesmirneho-klastra\/\"},\"wordCount\":234,\"publisher\":{\"@id\":\"https:\/\/vsvk.sk\/#organization\"},\"image\":{\"@id\":\"https:\/\/vsvk.sk\/2025\/02\/05\/prve-valne-zhromazdenie-vychodoslovenskeho-vesmirneho-klastra\/#primaryimage\"},\"thumbnailUrl\":\"https:\/\/vsvk.sk\/wp-content\/uploads\/2025\/06\/aktual-klaster-022025-1536x1152-1.jpg\",\"keywords\":[\"dtitsk\",\"eastern slovakia\",\"sario\",\"sav\",\"slovakia\",\"space\",\"tuke\",\"upjs\",\"vsvk\"],\"articleSection\":[\"Space cluster\"],\"inLanguage\":\"en-GB\"},{\"@type\":\"WebPage\",\"@id\":\"https:\/\/vsvk.sk\/2025\/02\/05\/prve-valne-zhromazdenie-vychodoslovenskeho-vesmirneho-klastra\/\",\"url\":\"https:\/\/vsvk.sk\/2025\/02\/05\/prve-valne-zhromazdenie-vychodoslovenskeho-vesmirneho-klastra\/\",\"name\":\"Prv\u00e9 valn\u00e9 zhroma\u017edenie V\u00fdchodoslovensk\u00e9ho vesm\u00edrneho klastra - VSVK\",\"isPartOf\":{\"@id\":\"https:\/\/vsvk.sk\/#website\"},\"primaryImageOfPage\":{\"@id\":\"https:\/\/vsvk.sk\/2025\/02\/05\/prve-valne-zhromazdenie-vychodoslovenskeho-vesmirneho-klastra\/#primaryimage\"},\"image\":{\"@id\":\"https:\/\/vsvk.sk\/2025\/02\/05\/prve-valne-zhromazdenie-vychodoslovenskeho-vesmirneho-klastra\/#primaryimage\"},\"thumbnailUrl\":\"https:\/\/vsvk.sk\/wp-content\/uploads\/2025\/06\/aktual-klaster-022025-1536x1152-1.jpg\",\"datePublished\":\"2025-02-05T11:51:55+00:00\",\"dateModified\":\"2025-06-18T10:57:56+00:00\",\"breadcrumb\":{\"@id\":\"https:\/\/vsvk.sk\/2025\/02\/05\/prve-valne-zhromazdenie-vychodoslovenskeho-vesmirneho-klastra\/#breadcrumb\"},\"inLanguage\":\"en-GB\",\"potentialAction\":[{\"@type\":\"ReadAction\",\"target\":[\"https:\/\/vsvk.sk\/2025\/02\/05\/prve-valne-zhromazdenie-vychodoslovenskeho-vesmirneho-klastra\/\"]}]},{\"@type\":\"ImageObject\",\"inLanguage\":\"en-GB\",\"@id\":\"https:\/\/vsvk.sk\/2025\/02\/05\/prve-valne-zhromazdenie-vychodoslovenskeho-vesmirneho-klastra\/#primaryimage\",\"url\":\"https:\/\/vsvk.sk\/wp-content\/uploads\/2025\/06\/aktual-klaster-022025-1536x1152-1.jpg\",\"contentUrl\":\"https:\/\/vsvk.sk\/wp-content\/uploads\/2025\/06\/aktual-klaster-022025-1536x1152-1.jpg\",\"width\":1536,\"height\":1152},{\"@type\":\"BreadcrumbList\",\"@id\":\"https:\/\/vsvk.sk\/2025\/02\/05\/prve-valne-zhromazdenie-vychodoslovenskeho-vesmirneho-klastra\/#breadcrumb\",\"itemListElement\":[{\"@type\":\"ListItem\",\"position\":1,\"name\":\"Domovsk\u00e1 str\u00e1nka\",\"item\":\"https:\/\/vsvk.sk\/\"},{\"@type\":\"ListItem\",\"position\":2,\"name\":\"Prv\u00e9 valn\u00e9 zhroma\u017edenie V\u00fdchodoslovensk\u00e9ho vesm\u00edrneho klastra\"}]},{\"@type\":\"WebSite\",\"@id\":\"https:\/\/vsvk.sk\/#website\",\"url\":\"https:\/\/vsvk.sk\/\",\"name\":\"V\u00fdchodoslovensk\u00fd vesm\u00edrny klaster\",\"description\":\"\",\"publisher\":{\"@id\":\"https:\/\/vsvk.sk\/#organization\"},\"potentialAction\":[{\"@type\":\"SearchAction\",\"target\":{\"@type\":\"EntryPoint\",\"urlTemplate\":\"https:\/\/vsvk.sk\/?s={search_term_string}\"},\"query-input\":{\"@type\":\"PropertyValueSpecification\",\"valueRequired\":true,\"valueName\":\"search_term_string\"}}],\"inLanguage\":\"en-GB\"},{\"@type\":\"Organization\",\"@id\":\"https:\/\/vsvk.sk\/#organization\",\"name\":\"V\u00fdchodoslovensk\u00fd vesm\u00edrny klaster\",\"url\":\"https:\/\/vsvk.sk\/\",\"logo\":{\"@type\":\"ImageObject\",\"inLanguage\":\"en-GB\",\"@id\":\"https:\/\/vsvk.sk\/#\/schema\/logo\/image\/\",\"url\":\"https:\/\/vsvk.sk\/wp-content\/uploads\/2025\/06\/vsvk-edited-1-scaled.png\",\"contentUrl\":\"https:\/\/vsvk.sk\/wp-content\/uploads\/2025\/06\/vsvk-edited-1-scaled.png\",\"width\":2560,\"height\":1440,\"caption\":\"V\u00fdchodoslovensk\u00fd vesm\u00edrny klaster\"},\"image\":{\"@id\":\"https:\/\/vsvk.sk\/#\/schema\/logo\/image\/\"},\"sameAs\":[\"https:\/\/www.facebook.com\/profile.php?id=61576864435840\",\"https:\/\/x.com\/Vsvk_cluster\",\"https:\/\/www.linkedin.com\/company\/vsvk\/\",\"https:\/\/www.youtube.com\/@EastSlovakSpaceClusterVSVK\",\"https:\/\/www.instagram.com\/vsvk.cluster\"]},{\"@type\":\"Person\",\"@id\":\"https:\/\/vsvk.sk\/#\/schema\/person\/7aecc3b5692efd4679504965a5f67b40\",\"name\":\"Gabriel Urban\",\"url\":\"https:\/\/vsvk.sk\/en\/author\/gabo\/\"}]}<\/script>\n<!-- \/ Yoast SEO plugin. -->","yoast_head_json":{"title":"Prv\u00e9 valn\u00e9 zhroma\u017edenie V\u00fdchodoslovensk\u00e9ho vesm\u00edrneho klastra - VSVK","robots":{"index":"index","follow":"follow","max-snippet":"max-snippet:-1","max-image-preview":"max-image-preview:large","max-video-preview":"max-video-preview:-1"},"canonical":"https:\/\/vsvk.sk\/en\/2025\/02\/05\/prve-valne-zhromazdenie-vychodoslovenskeho-vesmirneho-klastra\/","og_locale":"en_GB","og_type":"article","og_title":"Prv\u00e9 valn\u00e9 zhroma\u017edenie V\u00fdchodoslovensk\u00e9ho vesm\u00edrneho klastra - VSVK","og_description":"Vo \u0161tvrtok 30. janu\u00e1ra 2025 sa konalo prv\u00e9 valn\u00e9 zhroma\u017edenie V\u00fdchodoslovensk\u00e9ho vesm\u00edrneho klastra, ktor\u00fd vznikol za\u010diatkom tohto roka a\u00a0jeho zakladaj\u00facimi \u010dlenmi s\u00fa okrem UPJ\u0160 v\u00a0Ko\u0161iciach Technick\u00e1 univerzita v\u00a0Ko\u0161iciach, \u00dastav experiment\u00e1lnej fyziky Slovenskej akad\u00e9mie vied, Deutsche Telekom IT Solutions a\u00a0Slovensk\u00e1 vesm\u00edrna kancel\u00e1ria (Agent\u00fara SARIO).\u00a0 Klaster predstavuje d\u00f4le\u017eit\u00fd krok v budovan\u00ed dynamick\u00e9ho inova\u010dn\u00e9ho ekosyst\u00e9mu v oblasti vesm\u00edrnych [&hellip;]","og_url":"https:\/\/vsvk.sk\/en\/2025\/02\/05\/prve-valne-zhromazdenie-vychodoslovenskeho-vesmirneho-klastra\/","og_site_name":"VSVK","article_publisher":"https:\/\/www.facebook.com\/profile.php?id=61576864435840","article_published_time":"2025-02-05T11:51:55+00:00","article_modified_time":"2025-06-18T10:57:56+00:00","og_image":[{"width":1536,"height":1152,"url":"https:\/\/vsvk.sk\/wp-content\/uploads\/2025\/06\/aktual-klaster-022025-1536x1152-1.jpg","type":"image\/jpeg"}],"author":"Gabriel Urban","twitter_card":"summary_large_image","twitter_creator":"@Vsvk_cluster","twitter_site":"@Vsvk_cluster","twitter_misc":{"Written by":"Gabriel Urban","Estimated reading time":"1 minute"},"schema":{"@context":"https:\/\/schema.org","@graph":[{"@type":"Article","@id":"https:\/\/vsvk.sk\/2025\/02\/05\/prve-valne-zhromazdenie-vychodoslovenskeho-vesmirneho-klastra\/#article","isPartOf":{"@id":"https:\/\/vsvk.sk\/2025\/02\/05\/prve-valne-zhromazdenie-vychodoslovenskeho-vesmirneho-klastra\/"},"author":{"name":"Gabriel Urban","@id":"https:\/\/vsvk.sk\/#\/schema\/person\/7aecc3b5692efd4679504965a5f67b40"},"headline":"Prv\u00e9 valn\u00e9 zhroma\u017edenie V\u00fdchodoslovensk\u00e9ho vesm\u00edrneho klastra","datePublished":"2025-02-05T11:51:55+00:00","dateModified":"2025-06-18T10:57:56+00:00","mainEntityOfPage":{"@id":"https:\/\/vsvk.sk\/2025\/02\/05\/prve-valne-zhromazdenie-vychodoslovenskeho-vesmirneho-klastra\/"},"wordCount":234,"publisher":{"@id":"https:\/\/vsvk.sk\/#organization"},"image":{"@id":"https:\/\/vsvk.sk\/2025\/02\/05\/prve-valne-zhromazdenie-vychodoslovenskeho-vesmirneho-klastra\/#primaryimage"},"thumbnailUrl":"https:\/\/vsvk.sk\/wp-content\/uploads\/2025\/06\/aktual-klaster-022025-1536x1152-1.jpg","keywords":["dtitsk","eastern slovakia","sario","sav","slovakia","space","tuke","upjs","vsvk"],"articleSection":["Space cluster"],"inLanguage":"en-GB"},{"@type":"WebPage","@id":"https:\/\/vsvk.sk\/2025\/02\/05\/prve-valne-zhromazdenie-vychodoslovenskeho-vesmirneho-klastra\/","url":"https:\/\/vsvk.sk\/2025\/02\/05\/prve-valne-zhromazdenie-vychodoslovenskeho-vesmirneho-klastra\/","name":"Prv\u00e9 valn\u00e9 zhroma\u017edenie V\u00fdchodoslovensk\u00e9ho vesm\u00edrneho klastra - VSVK","isPartOf":{"@id":"https:\/\/vsvk.sk\/#website"},"primaryImageOfPage":{"@id":"https:\/\/vsvk.sk\/2025\/02\/05\/prve-valne-zhromazdenie-vychodoslovenskeho-vesmirneho-klastra\/#primaryimage"},"image":{"@id":"https:\/\/vsvk.sk\/2025\/02\/05\/prve-valne-zhromazdenie-vychodoslovenskeho-vesmirneho-klastra\/#primaryimage"},"thumbnailUrl":"https:\/\/vsvk.sk\/wp-content\/uploads\/2025\/06\/aktual-klaster-022025-1536x1152-1.jpg","datePublished":"2025-02-05T11:51:55+00:00","dateModified":"2025-06-18T10:57:56+00:00","breadcrumb":{"@id":"https:\/\/vsvk.sk\/2025\/02\/05\/prve-valne-zhromazdenie-vychodoslovenskeho-vesmirneho-klastra\/#breadcrumb"},"inLanguage":"en-GB","potentialAction":[{"@type":"ReadAction","target":["https:\/\/vsvk.sk\/2025\/02\/05\/prve-valne-zhromazdenie-vychodoslovenskeho-vesmirneho-klastra\/"]}]},{"@type":"ImageObject","inLanguage":"en-GB","@id":"https:\/\/vsvk.sk\/2025\/02\/05\/prve-valne-zhromazdenie-vychodoslovenskeho-vesmirneho-klastra\/#primaryimage","url":"https:\/\/vsvk.sk\/wp-content\/uploads\/2025\/06\/aktual-klaster-022025-1536x1152-1.jpg","contentUrl":"https:\/\/vsvk.sk\/wp-content\/uploads\/2025\/06\/aktual-klaster-022025-1536x1152-1.jpg","width":1536,"height":1152},{"@type":"BreadcrumbList","@id":"https:\/\/vsvk.sk\/2025\/02\/05\/prve-valne-zhromazdenie-vychodoslovenskeho-vesmirneho-klastra\/#breadcrumb","itemListElement":[{"@type":"ListItem","position":1,"name":"Domovsk\u00e1 str\u00e1nka","item":"https:\/\/vsvk.sk\/"},{"@type":"ListItem","position":2,"name":"Prv\u00e9 valn\u00e9 zhroma\u017edenie V\u00fdchodoslovensk\u00e9ho vesm\u00edrneho klastra"}]},{"@type":"WebSite","@id":"https:\/\/vsvk.sk\/#website","url":"https:\/\/vsvk.sk\/","name":"V\u00fdchodoslovensk\u00fd vesm\u00edrny klaster","description":"","publisher":{"@id":"https:\/\/vsvk.sk\/#organization"},"potentialAction":[{"@type":"SearchAction","target":{"@type":"EntryPoint","urlTemplate":"https:\/\/vsvk.sk\/?s={search_term_string}"},"query-input":{"@type":"PropertyValueSpecification","valueRequired":true,"valueName":"search_term_string"}}],"inLanguage":"en-GB"},{"@type":"Organization","@id":"https:\/\/vsvk.sk\/#organization","name":"V\u00fdchodoslovensk\u00fd vesm\u00edrny klaster","url":"https:\/\/vsvk.sk\/","logo":{"@type":"ImageObject","inLanguage":"en-GB","@id":"https:\/\/vsvk.sk\/#\/schema\/logo\/image\/","url":"https:\/\/vsvk.sk\/wp-content\/uploads\/2025\/06\/vsvk-edited-1-scaled.png","contentUrl":"https:\/\/vsvk.sk\/wp-content\/uploads\/2025\/06\/vsvk-edited-1-scaled.png","width":2560,"height":1440,"caption":"V\u00fdchodoslovensk\u00fd vesm\u00edrny klaster"},"image":{"@id":"https:\/\/vsvk.sk\/#\/schema\/logo\/image\/"},"sameAs":["https:\/\/www.facebook.com\/profile.php?id=61576864435840","https:\/\/x.com\/Vsvk_cluster","https:\/\/www.linkedin.com\/company\/vsvk\/","https:\/\/www.youtube.com\/@EastSlovakSpaceClusterVSVK","https:\/\/www.instagram.com\/vsvk.cluster"]},{"@type":"Person","@id":"https:\/\/vsvk.sk\/#\/schema\/person\/7aecc3b5692efd4679504965a5f67b40","name":"Gabriel Urban","url":"https:\/\/vsvk.sk\/en\/author\/gabo\/"}]}},"_links":{"self":[{"href":"https:\/\/vsvk.sk\/en\/wp-json\/wp\/v2\/posts\/677","targetHints":{"allow":["GET"]}}],"collection":[{"href":"https:\/\/vsvk.sk\/en\/wp-json\/wp\/v2\/posts"}],"about":[{"href":"https:\/\/vsvk.sk\/en\/wp-json\/wp\/v2\/types\/post"}],"author":[{"embeddable":true,"href":"https:\/\/vsvk.sk\/en\/wp-json\/wp\/v2\/users\/6"}],"replies":[{"embeddable":true,"href":"https:\/\/vsvk.sk\/en\/wp-json\/wp\/v2\/comments?post=677"}],"version-history":[{"count":1,"href":"https:\/\/vsvk.sk\/en\/wp-json\/wp\/v2\/posts\/677\/revisions"}],"predecessor-version":[{"id":680,"href":"https:\/\/vsvk.sk\/en\/wp-json\/wp\/v2\/posts\/677\/revisions\/680"}],"wp:featuredmedia":[{"embeddable":true,"href":"https:\/\/vsvk.sk\/en\/wp-json\/wp\/v2\/media\/678"}],"wp:attachment":[{"href":"https:\/\/vsvk.sk\/en\/wp-json\/wp\/v2\/media?parent=677"}],"wp:term":[{"taxonomy":"category","embeddable":true,"href":"https:\/\/vsvk.sk\/en\/wp-json\/wp\/v2\/categories?post=677"},{"taxonomy":"post_tag","embeddable":true,"href":"https:\/\/vsvk.sk\/en\/wp-json\/wp\/v2\/tags?post=677"}],"curies":[{"name":"wp","href":"https:\/\/api.w.org\/{rel}","templated":true}]}}