{"id":661,"date":"2023-10-30T12:08:00","date_gmt":"2023-10-30T11:08:00","guid":{"rendered":"https:\/\/vsvk.sk\/?p=661"},"modified":"2025-06-18T12:14:34","modified_gmt":"2025-06-18T10:14:34","slug":"vesmirny-klaster-prvy-svojho-druhu-na-vychodnom-slovensku-sa-vytvara-v-kosiciach","status":"publish","type":"post","link":"https:\/\/vsvk.sk\/en\/2023\/10\/30\/vesmirny-klaster-prvy-svojho-druhu-na-vychodnom-slovensku-sa-vytvara-v-kosiciach\/","title":{"rendered":"The Space Cluster - the first of its kind in eastern Slovakia - is being created in Ko\u0161ice"},"content":{"rendered":"<p><em>\"The space sector has online data collected by satellites over several years. It is a great resource for data analysis and building predictive models. At DT ITSO SK, we are also starting to focus on this segment. We are committed to climate-neutral business practices, and we can use this space data for practical support in the fight against climate change. We are very proud to have an in-house developed concept study to prevent satellite collisions with space debris. The awarded solution is an example of how local companies and universities work. That was the impulse for us to sign the memorandum<\/em><strong>,\" explains Andreas Truls, Managing Director of the Deutsche Telekom IT Solutions Slovakia.<\/strong><\/p>\n\n\n\n<figure class=\"wp-block-image aligncenter size-full is-style-default\"><img loading=\"lazy\" decoding=\"async\" width=\"802\" height=\"451\" src=\"https:\/\/vsvk.sk\/wp-content\/uploads\/2025\/06\/802x451.jpg\" alt=\"\" class=\"wp-image-663\" srcset=\"https:\/\/vsvk.sk\/wp-content\/uploads\/2025\/06\/802x451.jpg 802w, https:\/\/vsvk.sk\/wp-content\/uploads\/2025\/06\/802x451-300x169.jpg 300w, https:\/\/vsvk.sk\/wp-content\/uploads\/2025\/06\/802x451-768x432.jpg 768w, https:\/\/vsvk.sk\/wp-content\/uploads\/2025\/06\/802x451-18x10.jpg 18w\" sizes=\"auto, (max-width: 802px) 100vw, 802px\" \/><\/figure>\n\n\n\n<p><strong>The space research center will attract both scientists and engineers<\/strong><\/p>\n\n\n\n<p>The cluster will aim to effectively associate and connect interested entities performing research and development, commercial or popularization activities in the field of space technologies, as well as to create a supporting ecosystem for the creation of new innovative startups, bringing new products and services using space technologies.<\/p>\n\n\n\n<p class=\"translation-block\"><em>\u201cThe cluster has the ambition to create a strong consortium, composed of representatives of the private, academic, public, and non-profit sectors. In this composition, it will be easier to coordinate activities and obtain funds for joint research and development or educational projects, which will help to further accelerate the development of the space ecosystem in the east of Slovakia. The idea of creating a cluster was born during regular online meetings with representatives of the<\/em> <strong>eastern Slovak<\/strong> <em>space ecosystem, which we initiated at SARIO as part of the Slovak<\/em> <strong>Space<\/strong> <em>Agency project to help the region fully utilize its strong potential for the space<\/em> <strong>sector,\u201d says Michal Brichta, director of the industrial component of the Slovak Space Agency (SARIO<\/strong><em>).<\/em><\/p>\n\n\n\n<p>The companies that signed the memorandum of cooperation also agree that the creation of a space ecosystem has the task of attracting or keeping scientists and engineers in the Ko\u0161ice region.<\/p>\n\n\n\n<p class=\"translation-block\"><em>\u201cWe realize that if we want to continue to participate in important scientific projects and attract, or keep top scientists here, we need a functioning ecosystem that goes beyond our institution. We have been dealing with cosmic physics in Ko\u0161ice for more than 50 years. During that time, we participated in dozens of instruments for exceptional space missions (e.g. Rosetta, BepiColombo, JUICE) and published hundreds of scientific papers on phenomena in near space. Our research will continue to develop if we have enough well-educated people and, at the same time, if we can transform our knowledge into products and services in cooperation with industry. Thanks to our close cooperation with the European Space Agency (ESA), we want to facilitate new opportunities<\/em> <em>for the entire region<\/em>,\u201d explained <strong>the director of the Institute of Experimental Physics SAS in Ko\u0161ice doc. RNDr. Zuzana Ga\u017eov\u00e1, DrSc.<\/strong><\/p>\n\n\n\n<p class=\"translation-block\">Pavel Jozef \u0160af\u00e1rik University in Ko\u0161ice sees the membership in the upcoming cluster as an opportunity<strong>, which was also confirmed by the vice-dean for external relations of the UPJ\u0160 Faculty of Science in Ko\u0161ice, doc. Mgr. Michal Gallay, Ph.D.<\/strong><\/p>\n\n\n\n<p><em>\"UPJ\u0160 is a relevant partner with experiences that we want to share. Some of our workplaces already participated in the programs when the use of space was in its infancy in the last century -INTERKOZMOS program, we participated in the research program at CERN, and in recent years we solved projects within the Program of European Cooperating States with the European Space Agency (ESA PECS). We are a member of the European association Copernicus Academy, which mainly covers institutions providing education based on space technologies and supports young companies.\"<\/em><\/p>\n\n\n\n<p><strong>The challenges of the space segment will be implemented in Ko\u0161ice<\/strong><\/p>\n\n\n\n<p>The space cluster will be devoted to the development of the space ecosystem, projects, and the acquisition of financial resources for the development of this ecosystem.<\/p>\n\n\n\n<p class=\"translation-block\"><em>\u201cBy the development of the space ecosystem in the region, we understand that we will respond together as a cluster to the challenges of the space industry segment, ESA and the EU, and together prepare suitable conditions for the creation of new products<\/em>, <em>projects, or innovations. For people who want to work in this industry, it is necessary to prepare attractive jobs and interesting study opportunities so that they stay to study and work in our region<\/em><strong>,\u201d adds Milan Varga, manager of Innovlab Startup Center, DT ITSO SK.<\/strong><\/p>","protected":false},"excerpt":{"rendered":"<p>\u201eVesm\u00edrny sektor m\u00e1 online \u00fadaje zhroma\u017eden\u00e9 satelitmi v priebehu nieko\u013ek\u00fdch rokov. Je to skvel\u00fd zdroj pre anal\u00fdzu \u00fadajov a budovanie predikt\u00edvnych modelov. V spolo\u010dnosti DT ITSO SK sa tie\u017e za\u010d\u00edname zameriava\u0165 na tento segment. Zaviazali sme sa ku klimaticky neutr\u00e1lnym obchodn\u00fdm praktik\u00e1m a tieto vesm\u00edrne \u00fadaje m\u00f4\u017eeme vyu\u017ei\u0165 na praktick\u00fa podporu v boji proti zmene [&hellip;]<\/p>","protected":false},"author":6,"featured_media":662,"comment_status":"closed","ping_status":"open","sticky":false,"template":"","format":"standard","meta":{"footnotes":""},"categories":[14],"tags":[17,19,18,15,16],"class_list":["post-661","post","type-post","status-publish","format-standard","has-post-thumbnail","hentry","category-space-cluster","tag-eastern-slovakia","tag-kosice","tag-space","tag-space-cluster","tag-vsvk"],"yoast_head":"<!-- This site is optimized with the Yoast SEO plugin v25.3.1 - https:\/\/yoast.com\/wordpress\/plugins\/seo\/ -->\n<title>Vesm\u00edrny Klaster - Prv\u00fd svojho druhu na v\u00fdchodnom slovensku sa vytv\u00e1ra v Ko\u0161iciach - VSVK<\/title>\n<meta name=\"robots\" content=\"index, follow, max-snippet:-1, max-image-preview:large, max-video-preview:-1\" \/>\n<link rel=\"canonical\" href=\"https:\/\/vsvk.sk\/en\/2023\/10\/30\/vesmirny-klaster-prvy-svojho-druhu-na-vychodnom-slovensku-sa-vytvara-v-kosiciach\/\" \/>\n<meta property=\"og:locale\" content=\"en_GB\" \/>\n<meta property=\"og:type\" content=\"article\" \/>\n<meta property=\"og:title\" content=\"Vesm\u00edrny Klaster - Prv\u00fd svojho druhu na v\u00fdchodnom slovensku sa vytv\u00e1ra v Ko\u0161iciach - VSVK\" \/>\n<meta property=\"og:description\" content=\"\u201eVesm\u00edrny sektor m\u00e1 online \u00fadaje zhroma\u017eden\u00e9 satelitmi v priebehu nieko\u013ek\u00fdch rokov. Je to skvel\u00fd zdroj pre anal\u00fdzu \u00fadajov a budovanie predikt\u00edvnych modelov. V spolo\u010dnosti DT ITSO SK sa tie\u017e za\u010d\u00edname zameriava\u0165 na tento segment. Zaviazali sme sa ku klimaticky neutr\u00e1lnym obchodn\u00fdm praktik\u00e1m a tieto vesm\u00edrne \u00fadaje m\u00f4\u017eeme vyu\u017ei\u0165 na praktick\u00fa podporu v boji proti zmene [&hellip;]\" \/>\n<meta property=\"og:url\" content=\"https:\/\/vsvk.sk\/en\/2023\/10\/30\/vesmirny-klaster-prvy-svojho-druhu-na-vychodnom-slovensku-sa-vytvara-v-kosiciach\/\" \/>\n<meta property=\"og:site_name\" content=\"VSVK\" \/>\n<meta property=\"article:publisher\" content=\"https:\/\/www.facebook.com\/profile.php?id=61576864435840\" \/>\n<meta property=\"article:published_time\" content=\"2023-10-30T11:08:00+00:00\" \/>\n<meta property=\"article:modified_time\" content=\"2025-06-18T10:14:34+00:00\" \/>\n<meta property=\"og:image\" content=\"https:\/\/vsvk.sk\/wp-content\/uploads\/2025\/06\/big.jpg\" \/>\n\t<meta property=\"og:image:width\" content=\"1170\" \/>\n\t<meta property=\"og:image:height\" content=\"778\" \/>\n\t<meta property=\"og:image:type\" content=\"image\/jpeg\" \/>\n<meta name=\"author\" content=\"Gabriel Urban\" \/>\n<meta name=\"twitter:card\" content=\"summary_large_image\" \/>\n<meta name=\"twitter:creator\" content=\"@Vsvk_cluster\" \/>\n<meta name=\"twitter:site\" content=\"@Vsvk_cluster\" \/>\n<meta name=\"twitter:label1\" content=\"Written by\" \/>\n\t<meta name=\"twitter:data1\" content=\"Gabriel Urban\" \/>\n\t<meta name=\"twitter:label2\" content=\"Estimated reading time\" \/>\n\t<meta name=\"twitter:data2\" content=\"4 minutes\" \/>\n<script type=\"application\/ld+json\" class=\"yoast-schema-graph\">{\"@context\":\"https:\/\/schema.org\",\"@graph\":[{\"@type\":\"Article\",\"@id\":\"https:\/\/vsvk.sk\/2023\/10\/30\/vesmirny-klaster-prvy-svojho-druhu-na-vychodnom-slovensku-sa-vytvara-v-kosiciach\/#article\",\"isPartOf\":{\"@id\":\"https:\/\/vsvk.sk\/2023\/10\/30\/vesmirny-klaster-prvy-svojho-druhu-na-vychodnom-slovensku-sa-vytvara-v-kosiciach\/\"},\"author\":{\"name\":\"Gabriel Urban\",\"@id\":\"https:\/\/vsvk.sk\/#\/schema\/person\/7aecc3b5692efd4679504965a5f67b40\"},\"headline\":\"Vesm\u00edrny Klaster &#8211; Prv\u00fd svojho druhu na v\u00fdchodnom slovensku sa vytv\u00e1ra v Ko\u0161iciach\",\"datePublished\":\"2023-10-30T11:08:00+00:00\",\"dateModified\":\"2025-06-18T10:14:34+00:00\",\"mainEntityOfPage\":{\"@id\":\"https:\/\/vsvk.sk\/2023\/10\/30\/vesmirny-klaster-prvy-svojho-druhu-na-vychodnom-slovensku-sa-vytvara-v-kosiciach\/\"},\"wordCount\":830,\"publisher\":{\"@id\":\"https:\/\/vsvk.sk\/#organization\"},\"image\":{\"@id\":\"https:\/\/vsvk.sk\/2023\/10\/30\/vesmirny-klaster-prvy-svojho-druhu-na-vychodnom-slovensku-sa-vytvara-v-kosiciach\/#primaryimage\"},\"thumbnailUrl\":\"https:\/\/vsvk.sk\/wp-content\/uploads\/2025\/06\/big.jpg\",\"keywords\":[\"eastern slovakia\",\"ko\u0161ice\",\"space\",\"space cluster\",\"vsvk\"],\"articleSection\":[\"Space cluster\"],\"inLanguage\":\"en-GB\"},{\"@type\":\"WebPage\",\"@id\":\"https:\/\/vsvk.sk\/2023\/10\/30\/vesmirny-klaster-prvy-svojho-druhu-na-vychodnom-slovensku-sa-vytvara-v-kosiciach\/\",\"url\":\"https:\/\/vsvk.sk\/2023\/10\/30\/vesmirny-klaster-prvy-svojho-druhu-na-vychodnom-slovensku-sa-vytvara-v-kosiciach\/\",\"name\":\"Vesm\u00edrny Klaster - Prv\u00fd svojho druhu na v\u00fdchodnom slovensku sa vytv\u00e1ra v Ko\u0161iciach - VSVK\",\"isPartOf\":{\"@id\":\"https:\/\/vsvk.sk\/#website\"},\"primaryImageOfPage\":{\"@id\":\"https:\/\/vsvk.sk\/2023\/10\/30\/vesmirny-klaster-prvy-svojho-druhu-na-vychodnom-slovensku-sa-vytvara-v-kosiciach\/#primaryimage\"},\"image\":{\"@id\":\"https:\/\/vsvk.sk\/2023\/10\/30\/vesmirny-klaster-prvy-svojho-druhu-na-vychodnom-slovensku-sa-vytvara-v-kosiciach\/#primaryimage\"},\"thumbnailUrl\":\"https:\/\/vsvk.sk\/wp-content\/uploads\/2025\/06\/big.jpg\",\"datePublished\":\"2023-10-30T11:08:00+00:00\",\"dateModified\":\"2025-06-18T10:14:34+00:00\",\"breadcrumb\":{\"@id\":\"https:\/\/vsvk.sk\/2023\/10\/30\/vesmirny-klaster-prvy-svojho-druhu-na-vychodnom-slovensku-sa-vytvara-v-kosiciach\/#breadcrumb\"},\"inLanguage\":\"en-GB\",\"potentialAction\":[{\"@type\":\"ReadAction\",\"target\":[\"https:\/\/vsvk.sk\/2023\/10\/30\/vesmirny-klaster-prvy-svojho-druhu-na-vychodnom-slovensku-sa-vytvara-v-kosiciach\/\"]}]},{\"@type\":\"ImageObject\",\"inLanguage\":\"en-GB\",\"@id\":\"https:\/\/vsvk.sk\/2023\/10\/30\/vesmirny-klaster-prvy-svojho-druhu-na-vychodnom-slovensku-sa-vytvara-v-kosiciach\/#primaryimage\",\"url\":\"https:\/\/vsvk.sk\/wp-content\/uploads\/2025\/06\/big.jpg\",\"contentUrl\":\"https:\/\/vsvk.sk\/wp-content\/uploads\/2025\/06\/big.jpg\",\"width\":1170,\"height\":778},{\"@type\":\"BreadcrumbList\",\"@id\":\"https:\/\/vsvk.sk\/2023\/10\/30\/vesmirny-klaster-prvy-svojho-druhu-na-vychodnom-slovensku-sa-vytvara-v-kosiciach\/#breadcrumb\",\"itemListElement\":[{\"@type\":\"ListItem\",\"position\":1,\"name\":\"Domovsk\u00e1 str\u00e1nka\",\"item\":\"https:\/\/vsvk.sk\/\"},{\"@type\":\"ListItem\",\"position\":2,\"name\":\"Vesm\u00edrny Klaster &#8211; Prv\u00fd svojho druhu na v\u00fdchodnom slovensku sa vytv\u00e1ra v Ko\u0161iciach\"}]},{\"@type\":\"WebSite\",\"@id\":\"https:\/\/vsvk.sk\/#website\",\"url\":\"https:\/\/vsvk.sk\/\",\"name\":\"V\u00fdchodoslovensk\u00fd vesm\u00edrny klaster\",\"description\":\"\",\"publisher\":{\"@id\":\"https:\/\/vsvk.sk\/#organization\"},\"potentialAction\":[{\"@type\":\"SearchAction\",\"target\":{\"@type\":\"EntryPoint\",\"urlTemplate\":\"https:\/\/vsvk.sk\/?s={search_term_string}\"},\"query-input\":{\"@type\":\"PropertyValueSpecification\",\"valueRequired\":true,\"valueName\":\"search_term_string\"}}],\"inLanguage\":\"en-GB\"},{\"@type\":\"Organization\",\"@id\":\"https:\/\/vsvk.sk\/#organization\",\"name\":\"V\u00fdchodoslovensk\u00fd vesm\u00edrny klaster\",\"url\":\"https:\/\/vsvk.sk\/\",\"logo\":{\"@type\":\"ImageObject\",\"inLanguage\":\"en-GB\",\"@id\":\"https:\/\/vsvk.sk\/#\/schema\/logo\/image\/\",\"url\":\"https:\/\/vsvk.sk\/wp-content\/uploads\/2025\/06\/vsvk-edited-1-scaled.png\",\"contentUrl\":\"https:\/\/vsvk.sk\/wp-content\/uploads\/2025\/06\/vsvk-edited-1-scaled.png\",\"width\":2560,\"height\":1440,\"caption\":\"V\u00fdchodoslovensk\u00fd vesm\u00edrny klaster\"},\"image\":{\"@id\":\"https:\/\/vsvk.sk\/#\/schema\/logo\/image\/\"},\"sameAs\":[\"https:\/\/www.facebook.com\/profile.php?id=61576864435840\",\"https:\/\/x.com\/Vsvk_cluster\",\"https:\/\/www.linkedin.com\/company\/vsvk\/\",\"https:\/\/www.youtube.com\/@EastSlovakSpaceClusterVSVK\",\"https:\/\/www.instagram.com\/vsvk.cluster\"]},{\"@type\":\"Person\",\"@id\":\"https:\/\/vsvk.sk\/#\/schema\/person\/7aecc3b5692efd4679504965a5f67b40\",\"name\":\"Gabriel Urban\",\"url\":\"https:\/\/vsvk.sk\/en\/author\/gabo\/\"}]}<\/script>\n<!-- \/ Yoast SEO plugin. -->","yoast_head_json":{"title":"Vesm\u00edrny Klaster - Prv\u00fd svojho druhu na v\u00fdchodnom slovensku sa vytv\u00e1ra v Ko\u0161iciach - VSVK","robots":{"index":"index","follow":"follow","max-snippet":"max-snippet:-1","max-image-preview":"max-image-preview:large","max-video-preview":"max-video-preview:-1"},"canonical":"https:\/\/vsvk.sk\/en\/2023\/10\/30\/vesmirny-klaster-prvy-svojho-druhu-na-vychodnom-slovensku-sa-vytvara-v-kosiciach\/","og_locale":"en_GB","og_type":"article","og_title":"Vesm\u00edrny Klaster - Prv\u00fd svojho druhu na v\u00fdchodnom slovensku sa vytv\u00e1ra v Ko\u0161iciach - VSVK","og_description":"\u201eVesm\u00edrny sektor m\u00e1 online \u00fadaje zhroma\u017eden\u00e9 satelitmi v priebehu nieko\u013ek\u00fdch rokov. Je to skvel\u00fd zdroj pre anal\u00fdzu \u00fadajov a budovanie predikt\u00edvnych modelov. V spolo\u010dnosti DT ITSO SK sa tie\u017e za\u010d\u00edname zameriava\u0165 na tento segment. Zaviazali sme sa ku klimaticky neutr\u00e1lnym obchodn\u00fdm praktik\u00e1m a tieto vesm\u00edrne \u00fadaje m\u00f4\u017eeme vyu\u017ei\u0165 na praktick\u00fa podporu v boji proti zmene [&hellip;]","og_url":"https:\/\/vsvk.sk\/en\/2023\/10\/30\/vesmirny-klaster-prvy-svojho-druhu-na-vychodnom-slovensku-sa-vytvara-v-kosiciach\/","og_site_name":"VSVK","article_publisher":"https:\/\/www.facebook.com\/profile.php?id=61576864435840","article_published_time":"2023-10-30T11:08:00+00:00","article_modified_time":"2025-06-18T10:14:34+00:00","og_image":[{"width":1170,"height":778,"url":"https:\/\/vsvk.sk\/wp-content\/uploads\/2025\/06\/big.jpg","type":"image\/jpeg"}],"author":"Gabriel Urban","twitter_card":"summary_large_image","twitter_creator":"@Vsvk_cluster","twitter_site":"@Vsvk_cluster","twitter_misc":{"Written by":"Gabriel Urban","Estimated reading time":"4 minutes"},"schema":{"@context":"https:\/\/schema.org","@graph":[{"@type":"Article","@id":"https:\/\/vsvk.sk\/2023\/10\/30\/vesmirny-klaster-prvy-svojho-druhu-na-vychodnom-slovensku-sa-vytvara-v-kosiciach\/#article","isPartOf":{"@id":"https:\/\/vsvk.sk\/2023\/10\/30\/vesmirny-klaster-prvy-svojho-druhu-na-vychodnom-slovensku-sa-vytvara-v-kosiciach\/"},"author":{"name":"Gabriel Urban","@id":"https:\/\/vsvk.sk\/#\/schema\/person\/7aecc3b5692efd4679504965a5f67b40"},"headline":"Vesm\u00edrny Klaster &#8211; Prv\u00fd svojho druhu na v\u00fdchodnom slovensku sa vytv\u00e1ra v Ko\u0161iciach","datePublished":"2023-10-30T11:08:00+00:00","dateModified":"2025-06-18T10:14:34+00:00","mainEntityOfPage":{"@id":"https:\/\/vsvk.sk\/2023\/10\/30\/vesmirny-klaster-prvy-svojho-druhu-na-vychodnom-slovensku-sa-vytvara-v-kosiciach\/"},"wordCount":830,"publisher":{"@id":"https:\/\/vsvk.sk\/#organization"},"image":{"@id":"https:\/\/vsvk.sk\/2023\/10\/30\/vesmirny-klaster-prvy-svojho-druhu-na-vychodnom-slovensku-sa-vytvara-v-kosiciach\/#primaryimage"},"thumbnailUrl":"https:\/\/vsvk.sk\/wp-content\/uploads\/2025\/06\/big.jpg","keywords":["eastern slovakia","ko\u0161ice","space","space cluster","vsvk"],"articleSection":["Space cluster"],"inLanguage":"en-GB"},{"@type":"WebPage","@id":"https:\/\/vsvk.sk\/2023\/10\/30\/vesmirny-klaster-prvy-svojho-druhu-na-vychodnom-slovensku-sa-vytvara-v-kosiciach\/","url":"https:\/\/vsvk.sk\/2023\/10\/30\/vesmirny-klaster-prvy-svojho-druhu-na-vychodnom-slovensku-sa-vytvara-v-kosiciach\/","name":"Vesm\u00edrny Klaster - Prv\u00fd svojho druhu na v\u00fdchodnom slovensku sa vytv\u00e1ra v Ko\u0161iciach - VSVK","isPartOf":{"@id":"https:\/\/vsvk.sk\/#website"},"primaryImageOfPage":{"@id":"https:\/\/vsvk.sk\/2023\/10\/30\/vesmirny-klaster-prvy-svojho-druhu-na-vychodnom-slovensku-sa-vytvara-v-kosiciach\/#primaryimage"},"image":{"@id":"https:\/\/vsvk.sk\/2023\/10\/30\/vesmirny-klaster-prvy-svojho-druhu-na-vychodnom-slovensku-sa-vytvara-v-kosiciach\/#primaryimage"},"thumbnailUrl":"https:\/\/vsvk.sk\/wp-content\/uploads\/2025\/06\/big.jpg","datePublished":"2023-10-30T11:08:00+00:00","dateModified":"2025-06-18T10:14:34+00:00","breadcrumb":{"@id":"https:\/\/vsvk.sk\/2023\/10\/30\/vesmirny-klaster-prvy-svojho-druhu-na-vychodnom-slovensku-sa-vytvara-v-kosiciach\/#breadcrumb"},"inLanguage":"en-GB","potentialAction":[{"@type":"ReadAction","target":["https:\/\/vsvk.sk\/2023\/10\/30\/vesmirny-klaster-prvy-svojho-druhu-na-vychodnom-slovensku-sa-vytvara-v-kosiciach\/"]}]},{"@type":"ImageObject","inLanguage":"en-GB","@id":"https:\/\/vsvk.sk\/2023\/10\/30\/vesmirny-klaster-prvy-svojho-druhu-na-vychodnom-slovensku-sa-vytvara-v-kosiciach\/#primaryimage","url":"https:\/\/vsvk.sk\/wp-content\/uploads\/2025\/06\/big.jpg","contentUrl":"https:\/\/vsvk.sk\/wp-content\/uploads\/2025\/06\/big.jpg","width":1170,"height":778},{"@type":"BreadcrumbList","@id":"https:\/\/vsvk.sk\/2023\/10\/30\/vesmirny-klaster-prvy-svojho-druhu-na-vychodnom-slovensku-sa-vytvara-v-kosiciach\/#breadcrumb","itemListElement":[{"@type":"ListItem","position":1,"name":"Domovsk\u00e1 str\u00e1nka","item":"https:\/\/vsvk.sk\/"},{"@type":"ListItem","position":2,"name":"Vesm\u00edrny Klaster &#8211; Prv\u00fd svojho druhu na v\u00fdchodnom slovensku sa vytv\u00e1ra v Ko\u0161iciach"}]},{"@type":"WebSite","@id":"https:\/\/vsvk.sk\/#website","url":"https:\/\/vsvk.sk\/","name":"V\u00fdchodoslovensk\u00fd vesm\u00edrny klaster","description":"","publisher":{"@id":"https:\/\/vsvk.sk\/#organization"},"potentialAction":[{"@type":"SearchAction","target":{"@type":"EntryPoint","urlTemplate":"https:\/\/vsvk.sk\/?s={search_term_string}"},"query-input":{"@type":"PropertyValueSpecification","valueRequired":true,"valueName":"search_term_string"}}],"inLanguage":"en-GB"},{"@type":"Organization","@id":"https:\/\/vsvk.sk\/#organization","name":"V\u00fdchodoslovensk\u00fd vesm\u00edrny klaster","url":"https:\/\/vsvk.sk\/","logo":{"@type":"ImageObject","inLanguage":"en-GB","@id":"https:\/\/vsvk.sk\/#\/schema\/logo\/image\/","url":"https:\/\/vsvk.sk\/wp-content\/uploads\/2025\/06\/vsvk-edited-1-scaled.png","contentUrl":"https:\/\/vsvk.sk\/wp-content\/uploads\/2025\/06\/vsvk-edited-1-scaled.png","width":2560,"height":1440,"caption":"V\u00fdchodoslovensk\u00fd vesm\u00edrny klaster"},"image":{"@id":"https:\/\/vsvk.sk\/#\/schema\/logo\/image\/"},"sameAs":["https:\/\/www.facebook.com\/profile.php?id=61576864435840","https:\/\/x.com\/Vsvk_cluster","https:\/\/www.linkedin.com\/company\/vsvk\/","https:\/\/www.youtube.com\/@EastSlovakSpaceClusterVSVK","https:\/\/www.instagram.com\/vsvk.cluster"]},{"@type":"Person","@id":"https:\/\/vsvk.sk\/#\/schema\/person\/7aecc3b5692efd4679504965a5f67b40","name":"Gabriel Urban","url":"https:\/\/vsvk.sk\/en\/author\/gabo\/"}]}},"_links":{"self":[{"href":"https:\/\/vsvk.sk\/en\/wp-json\/wp\/v2\/posts\/661","targetHints":{"allow":["GET"]}}],"collection":[{"href":"https:\/\/vsvk.sk\/en\/wp-json\/wp\/v2\/posts"}],"about":[{"href":"https:\/\/vsvk.sk\/en\/wp-json\/wp\/v2\/types\/post"}],"author":[{"embeddable":true,"href":"https:\/\/vsvk.sk\/en\/wp-json\/wp\/v2\/users\/6"}],"replies":[{"embeddable":true,"href":"https:\/\/vsvk.sk\/en\/wp-json\/wp\/v2\/comments?post=661"}],"version-history":[{"count":2,"href":"https:\/\/vsvk.sk\/en\/wp-json\/wp\/v2\/posts\/661\/revisions"}],"predecessor-version":[{"id":667,"href":"https:\/\/vsvk.sk\/en\/wp-json\/wp\/v2\/posts\/661\/revisions\/667"}],"wp:featuredmedia":[{"embeddable":true,"href":"https:\/\/vsvk.sk\/en\/wp-json\/wp\/v2\/media\/662"}],"wp:attachment":[{"href":"https:\/\/vsvk.sk\/en\/wp-json\/wp\/v2\/media?parent=661"}],"wp:term":[{"taxonomy":"category","embeddable":true,"href":"https:\/\/vsvk.sk\/en\/wp-json\/wp\/v2\/categories?post=661"},{"taxonomy":"post_tag","embeddable":true,"href":"https:\/\/vsvk.sk\/en\/wp-json\/wp\/v2\/tags?post=661"}],"curies":[{"name":"wp","href":"https:\/\/api.w.org\/{rel}","templated":true}]}}